




{"id":23549,"date":"2011-12-10T16:33:00","date_gmt":"2011-12-10T13:33:00","guid":{"rendered":"http:\/\/qtmm.org\/?p=23549"},"modified":"2022-01-18T16:36:21","modified_gmt":"2022-01-18T13:36:21","slug":"frenkistan-senatori-simon-sutur-bagcasarayda","status":"publish","type":"post","link":"https:\/\/qtmm.org\/qt\/frenkistan-senatori-simon-sutur-bagcasarayda\/","title":{"rendered":"Frenkistan senator\u0131 Simon Sut\u00fcr Ba\u011f\u00e7asarayda"},"content":{"rendered":"\n<p>May\u0131s 10 k\u00fcn\u00fc Ba\u011f\u00e7asaray regional meclisini\u00f1 ofisinde Milliy Meclisni\u00f1 birinci muavini Refat \u00c7ubarov Frenkistan Senat\u0131n\u0131\u00f1 senator\u0131, Frenkistan-Ukraina parlamentara dostlu\u011f\u0131 gruppas\u0131n\u0131\u00f1 azas\u0131 Simon Sut\u00fcr ile k\u00f6r\u00fc\u015fti.<\/p>\n\n\n\n<p>Subetni\u00f1 ba\u015f\u0131nda S.Sut\u00fcr Milliy Meclis reisi Mustafa Cemilev ve b\u00fct\u00fcn Meclis azalar\u0131na \u00f6z deputat gruppas\u0131n\u0131\u00f1 yolba\u015f\u00e7\u0131s\u0131 Jan-Pyer Plankadn\u0131\u00f1 sel\u00e2mlar\u0131n\u0131 aytt\u0131 ve:<\/p>\n\n\n\n<p>&#8220;Plankad cenaplar\u0131 ve 2010 senesi Q\u0131r\u0131mn\u0131 ziyaret etken zenaatda\u015flar\u0131m\u0131z ile o zamandaki k\u00f6r\u00fc\u015f\u00fcvlerimizni s\u0131q-s\u0131q hat\u0131rlaym\u0131z. Biz ilk kere q\u0131r\u0131mtatar halq\u0131n\u0131\u00f1 meselesi aqq\u0131nda tafsil\u00e2tl\u0131bilgen edik ve bu ziyaretten so\u00f1 vatan\u0131m\u0131zda, parlamentni\u00f1 diger azalar\u0131na bu meseleni\u00f1 \u00e7ezilmesi m\u00fcimligini \u00e7aremizge k\u00f6re a\u00f1latma\u011fa t\u0131r\u0131\u015fam\u0131z&#8221;, &#8211; dedi.<\/p>\n\n\n\n<p>Ukrainada vaziyetni muzakere eter ekenler, eki taraf da Ukrainan\u0131\u00f1 umumavropa esnaslar\u0131nda i\u015ftiragini faalle\u015ftirmek kerek ol\u011fan\u0131n\u0131 qayd ettiler, \u00e7\u00fcnki R.\u00c7ubarov aytqan\u0131 kibi : &#8220;Ukrainan\u0131\u00f1 Avropa Birligine intergratsiyas\u0131na do\u011frut\u0131l\u011fan er bir ad\u0131m q\u0131r\u0131mtatarlar taraf\u0131ndan al\u011f\u0131\u015flana.<br>Belli ki, Ukrainan\u0131\u00f1 iqtisadiy inki\u015faf\u0131 ukrain cemiyeti demokratiya\u011fa iri\u015fmekni\u00f1 temelidir ve, elbet de, q\u0131r\u0131mtatar halq\u0131n\u0131\u00f1 aq-uquqlar\u0131 tiklenmesine siltemdir&#8221;.<\/p>\n\n\n\n<p>B\u00fct\u00fcnd\u00fcnya kongressini\u00f1 ba\u015f\u0131 musafirge Ukraina ve AB i\u015fbirligini\u00f1 munasebetlerini belgileycek esas printsipler nas\u0131l tarzda beyan etilecegine \u00f6z noqtayi nazar\u0131n\u0131 ayd\u0131nlatt\u0131.<\/p>\n\n\n\n<p>&#8220;Bizim fikirimizce, q\u0131r\u0131mtatar halq\u0131n\u0131\u00f1 aq-uquqlar\u0131 tiklenmesi meselesi AB memleketleri, em de Avropa komissiyas\u0131n\u0131\u00f1 Ukraina ile imzalan\u011fan vesiqalar\u0131nda, qayd etilse, Ukraina devleti Svetler zaman\u0131nda q\u0131r\u0131mtatar halq\u0131na qar\u015f\u0131 yap\u0131l\u011fan genotsidni\u00f1 neticelerini yoq etilmesini ve adalet tiklenilmesine do\u011frut\u0131l\u011fan qanunc\u0131l\u0131q saas\u0131nda semereli areketler yapma\u011fa mecbur olur&#8221;, &#8211; dedi R.\u00c7ubarov<\/p>\n\n\n\n<p>Frenkistan senator\u0131na Milliy Meclis az\u0131rla\u011fan Q\u0131r\u0131mtatar halq\u0131n\u0131\u00f1 \u00f6z vatan\u0131nda aq-uquqlar\u0131 tiklenilmesi, on\u0131\u00f1 Ukrainada havs\u0131zl\u0131\u011f\u0131 ve inki\u015faf etmesine kefalet bermekni teminlemek boyunca Halqara forum\u011fa az\u0131rl\u0131q ne derecede ol\u011fan\u0131 aqq\u0131nda mal\u00fcmat berdiler.<\/p>\n\n\n\n<p>&#8220;Q\u0131r\u0131mtatr meselesi on\u0131\u00f1 zemaneviy a\u00f1lam\u0131nda totalitar rejimini\u00f1 miras\u0131 olaraq umumavropa meselesi kibi baq\u0131lmaq kerek. \u00c7\u00fcnki \u00e7e\u015fit sebeplerge k\u00f6re, on\u0131\u00f1 yal\u0131\u00f1\u0131z Ukrainan\u0131\u00f1 k\u00fc\u00e7\u00fc ve imk\u00e2nlar\u0131 ile \u00e7ezilmesi a\u011f\u0131r olur.<\/p>\n\n\n\n<p>Bizim fikirimizce, q\u0131r\u0131mtatarlarn\u0131\u00f1 s\u00fcrg\u00fcnligi ve ony\u0131llarnen aqs\u0131mlav neticelerini yoq et\u00fcvge halqara te\u015fkil\u00e2tlar, \u015fu c\u00fcmleden AH\u0130T em de AB memleketleri celp etilmesini bu meselege menfaatdar taraflar al\u011f\u0131\u015flamaq kerekler&#8221;, &#8211; dedi k\u00f6r\u00fc\u015f\u00fcvde i\u015ftirak etken Milliy Meclisni\u00f1 T\u0131\u015f al\u00e2qalar\u0131 boyunca b\u00f6l\u00fckni\u00f1 ba\u015f\u0131 Ali Hamzin.<\/p>\n\n\n\n<p>A.Hamzin Avroparlament ba\u015f\u0131 Yeji B\u00fczekni\u00f1 ve er bir avroparlament azas\u0131n\u0131\u00f1 ad\u0131na Halqara forum\u011fa qoltutmaq \u015fahsiy muracaatlar yollanaca\u011f\u0131 aqq\u0131nda aytt\u0131.<\/p>\n\n\n\n<p>Senator S.Sut\u00fcr Meclisni\u00f1 \u0131nt\u0131l\u0131\u015flar\u0131na qoltutt\u0131 ve q\u0131r\u0131mtatar halq\u0131n\u0131 ertaraflama inki\u015faf\u0131 kefaletini tek Ukrainan\u0131\u00f1 Avropa Birligine qat\u0131lmas\u0131 bere bilecegini qayd etti.<\/p>\n\n\n\n<p>Bu k\u00f6r\u00fc\u015f\u00fcvni\u00f1 neticeleri ve ifade etilgen tilekler aqq\u0131nda m\u0131tlaqqa AH\u0130T Assambleyas\u0131n\u0131\u00f1 azas\u0131 ol\u011fan J.-P. Plankad\u011fa yazma \u015fekilde esabat berecegini aytt\u0131. \u00c7\u00fcnki iy\u00fcn ay\u0131nda Budape\u015ftte olacaq AH\u0130Tn\u0131\u00f1 mahsus konferentsiyas\u0131nda J.-P. Plankad \u00f6z maruzas\u0131nda q\u0131r\u0131mtatar halq\u0131n\u0131\u00f1 Ukrainadaki vaziyeti aqq\u0131nda aytma\u011fa niyetlene eken.<\/p>\n\n\n\n<figure class=\"wp-block-gallery columns-3 is-cropped wp-block-gallery-1 is-layout-flex wp-block-gallery-is-layout-flex\"><ul class=\"blocks-gallery-grid\"><li class=\"blocks-gallery-item\"><figure><a href=\"http:\/\/qtmm.org\/wp-content\/uploads\/2022\/01\/4de4adc15cc41.jpg\"><img loading=\"lazy\" decoding=\"async\" width=\"640\" height=\"480\" src=\"http:\/\/qtmm.org\/wp-content\/uploads\/2022\/01\/4de4adc15cc41.jpg\" alt=\"\" data-id=\"23550\" data-full-url=\"http:\/\/qtmm.org\/wp-content\/uploads\/2022\/01\/4de4adc15cc41.jpg\" data-link=\"http:\/\/qtmm.org\/qt\/?attachment_id=23550\" class=\"wp-image-23550\" srcset=\"https:\/\/qtmm.org\/wp-content\/uploads\/2022\/01\/4de4adc15cc41.jpg 640w, https:\/\/qtmm.org\/wp-content\/uploads\/2022\/01\/4de4adc15cc41-300x225.jpg 300w\" sizes=\"auto, (max-width: 640px) 100vw, 640px\" \/><\/a><\/figure><\/li><li class=\"blocks-gallery-item\"><figure><a href=\"http:\/\/qtmm.org\/wp-content\/uploads\/2022\/01\/4de4adcc26a7d.jpg\"><img loading=\"lazy\" decoding=\"async\" width=\"640\" height=\"480\" src=\"http:\/\/qtmm.org\/wp-content\/uploads\/2022\/01\/4de4adcc26a7d.jpg\" alt=\"\" data-id=\"23554\" data-full-url=\"http:\/\/qtmm.org\/wp-content\/uploads\/2022\/01\/4de4adcc26a7d.jpg\" data-link=\"http:\/\/qtmm.org\/qt\/?attachment_id=23554\" class=\"wp-image-23554\" srcset=\"https:\/\/qtmm.org\/wp-content\/uploads\/2022\/01\/4de4adcc26a7d.jpg 640w, https:\/\/qtmm.org\/wp-content\/uploads\/2022\/01\/4de4adcc26a7d-300x225.jpg 300w\" sizes=\"auto, (max-width: 640px) 100vw, 640px\" \/><\/a><\/figure><\/li><li class=\"blocks-gallery-item\"><figure><a href=\"http:\/\/qtmm.org\/wp-content\/uploads\/2022\/01\/4de4add3e188f.jpg\"><img loading=\"lazy\" decoding=\"async\" width=\"640\" height=\"480\" src=\"http:\/\/qtmm.org\/wp-content\/uploads\/2022\/01\/4de4add3e188f.jpg\" alt=\"\" data-id=\"23558\" data-full-url=\"http:\/\/qtmm.org\/wp-content\/uploads\/2022\/01\/4de4add3e188f.jpg\" data-link=\"http:\/\/qtmm.org\/qt\/?attachment_id=23558\" class=\"wp-image-23558\" srcset=\"https:\/\/qtmm.org\/wp-content\/uploads\/2022\/01\/4de4add3e188f.jpg 640w, https:\/\/qtmm.org\/wp-content\/uploads\/2022\/01\/4de4add3e188f-300x225.jpg 300w\" sizes=\"auto, (max-width: 640px) 100vw, 640px\" \/><\/a><\/figure><\/li><li class=\"blocks-gallery-item\"><figure><a href=\"http:\/\/qtmm.org\/wp-content\/uploads\/2022\/01\/4de4addbd8290.jpg\"><img loading=\"lazy\" decoding=\"async\" width=\"640\" height=\"480\" src=\"http:\/\/qtmm.org\/wp-content\/uploads\/2022\/01\/4de4addbd8290.jpg\" alt=\"\" data-id=\"23562\" data-full-url=\"http:\/\/qtmm.org\/wp-content\/uploads\/2022\/01\/4de4addbd8290.jpg\" data-link=\"http:\/\/qtmm.org\/qt\/?attachment_id=23562\" class=\"wp-image-23562\" srcset=\"https:\/\/qtmm.org\/wp-content\/uploads\/2022\/01\/4de4addbd8290.jpg 640w, https:\/\/qtmm.org\/wp-content\/uploads\/2022\/01\/4de4addbd8290-300x225.jpg 300w\" sizes=\"auto, (max-width: 640px) 100vw, 640px\" \/><\/a><\/figure><\/li><li class=\"blocks-gallery-item\"><figure><a href=\"http:\/\/qtmm.org\/wp-content\/uploads\/2022\/01\/4de4ade6d83ad.jpg\"><img loading=\"lazy\" decoding=\"async\" width=\"640\" height=\"480\" src=\"http:\/\/qtmm.org\/wp-content\/uploads\/2022\/01\/4de4ade6d83ad.jpg\" alt=\"\" data-id=\"23566\" data-full-url=\"http:\/\/qtmm.org\/wp-content\/uploads\/2022\/01\/4de4ade6d83ad.jpg\" data-link=\"http:\/\/qtmm.org\/qt\/?attachment_id=23566\" class=\"wp-image-23566\" srcset=\"https:\/\/qtmm.org\/wp-content\/uploads\/2022\/01\/4de4ade6d83ad.jpg 640w, https:\/\/qtmm.org\/wp-content\/uploads\/2022\/01\/4de4ade6d83ad-300x225.jpg 300w\" sizes=\"auto, (max-width: 640px) 100vw, 640px\" \/><\/a><\/figure><\/li><li class=\"blocks-gallery-item\"><figure><a href=\"http:\/\/qtmm.org\/wp-content\/uploads\/2022\/01\/4de4ae02c6b7c.jpg\"><img loading=\"lazy\" decoding=\"async\" width=\"640\" height=\"480\" src=\"http:\/\/qtmm.org\/wp-content\/uploads\/2022\/01\/4de4ae02c6b7c.jpg\" alt=\"\" data-id=\"23570\" data-full-url=\"http:\/\/qtmm.org\/wp-content\/uploads\/2022\/01\/4de4ae02c6b7c.jpg\" data-link=\"http:\/\/qtmm.org\/qt\/?attachment_id=23570\" class=\"wp-image-23570\" srcset=\"https:\/\/qtmm.org\/wp-content\/uploads\/2022\/01\/4de4ae02c6b7c.jpg 640w, https:\/\/qtmm.org\/wp-content\/uploads\/2022\/01\/4de4ae02c6b7c-300x225.jpg 300w\" sizes=\"auto, (max-width: 640px) 100vw, 640px\" \/><\/a><\/figure><\/li><li class=\"blocks-gallery-item\"><figure><a href=\"http:\/\/qtmm.org\/wp-content\/uploads\/2022\/01\/4de4ae2dc60dc.jpg\"><img loading=\"lazy\" decoding=\"async\" width=\"640\" height=\"480\" src=\"http:\/\/qtmm.org\/wp-content\/uploads\/2022\/01\/4de4ae2dc60dc.jpg\" alt=\"\" data-id=\"23574\" data-full-url=\"http:\/\/qtmm.org\/wp-content\/uploads\/2022\/01\/4de4ae2dc60dc.jpg\" data-link=\"http:\/\/qtmm.org\/qt\/?attachment_id=23574\" class=\"wp-image-23574\" srcset=\"https:\/\/qtmm.org\/wp-content\/uploads\/2022\/01\/4de4ae2dc60dc.jpg 640w, https:\/\/qtmm.org\/wp-content\/uploads\/2022\/01\/4de4ae2dc60dc-300x225.jpg 300w\" sizes=\"auto, (max-width: 640px) 100vw, 640px\" \/><\/a><\/figure><\/li><li class=\"blocks-gallery-item\"><figure><a href=\"http:\/\/qtmm.org\/wp-content\/uploads\/2022\/01\/4de4ae3c112bf.jpg\"><img loading=\"lazy\" decoding=\"async\" width=\"640\" height=\"480\" src=\"http:\/\/qtmm.org\/wp-content\/uploads\/2022\/01\/4de4ae3c112bf.jpg\" alt=\"\" data-id=\"23578\" data-full-url=\"http:\/\/qtmm.org\/wp-content\/uploads\/2022\/01\/4de4ae3c112bf.jpg\" data-link=\"http:\/\/qtmm.org\/qt\/?attachment_id=23578\" class=\"wp-image-23578\" srcset=\"https:\/\/qtmm.org\/wp-content\/uploads\/2022\/01\/4de4ae3c112bf.jpg 640w, https:\/\/qtmm.org\/wp-content\/uploads\/2022\/01\/4de4ae3c112bf-300x225.jpg 300w\" sizes=\"auto, (max-width: 640px) 100vw, 640px\" \/><\/a><\/figure><\/li><li class=\"blocks-gallery-item\"><figure><a href=\"http:\/\/qtmm.org\/wp-content\/uploads\/2022\/01\/4de4ae35a5f10.jpg\"><img loading=\"lazy\" decoding=\"async\" width=\"640\" height=\"480\" src=\"http:\/\/qtmm.org\/wp-content\/uploads\/2022\/01\/4de4ae35a5f10.jpg\" alt=\"\" data-id=\"23582\" data-full-url=\"http:\/\/qtmm.org\/wp-content\/uploads\/2022\/01\/4de4ae35a5f10.jpg\" data-link=\"http:\/\/qtmm.org\/qt\/?attachment_id=23582\" class=\"wp-image-23582\" srcset=\"https:\/\/qtmm.org\/wp-content\/uploads\/2022\/01\/4de4ae35a5f10.jpg 640w, https:\/\/qtmm.org\/wp-content\/uploads\/2022\/01\/4de4ae35a5f10-300x225.jpg 300w\" sizes=\"auto, (max-width: 640px) 100vw, 640px\" \/><\/a><\/figure><\/li><li class=\"blocks-gallery-item\"><figure><a href=\"http:\/\/qtmm.org\/wp-content\/uploads\/2022\/01\/4de4ae0946a9c.jpg\"><img loading=\"lazy\" decoding=\"async\" width=\"640\" height=\"480\" src=\"http:\/\/qtmm.org\/wp-content\/uploads\/2022\/01\/4de4ae0946a9c.jpg\" alt=\"\" data-id=\"23586\" data-full-url=\"http:\/\/qtmm.org\/wp-content\/uploads\/2022\/01\/4de4ae0946a9c.jpg\" data-link=\"http:\/\/qtmm.org\/qt\/?attachment_id=23586\" class=\"wp-image-23586\" srcset=\"https:\/\/qtmm.org\/wp-content\/uploads\/2022\/01\/4de4ae0946a9c.jpg 640w, https:\/\/qtmm.org\/wp-content\/uploads\/2022\/01\/4de4ae0946a9c-300x225.jpg 300w\" sizes=\"auto, (max-width: 640px) 100vw, 640px\" \/><\/a><\/figure><\/li><li class=\"blocks-gallery-item\"><figure><a href=\"http:\/\/qtmm.org\/wp-content\/uploads\/2022\/01\/4de4ae1075b31.jpg\"><img loading=\"lazy\" decoding=\"async\" width=\"640\" height=\"480\" src=\"http:\/\/qtmm.org\/wp-content\/uploads\/2022\/01\/4de4ae1075b31.jpg\" alt=\"\" data-id=\"23590\" data-full-url=\"http:\/\/qtmm.org\/wp-content\/uploads\/2022\/01\/4de4ae1075b31.jpg\" data-link=\"http:\/\/qtmm.org\/qt\/?attachment_id=23590\" class=\"wp-image-23590\" srcset=\"https:\/\/qtmm.org\/wp-content\/uploads\/2022\/01\/4de4ae1075b31.jpg 640w, https:\/\/qtmm.org\/wp-content\/uploads\/2022\/01\/4de4ae1075b31-300x225.jpg 300w\" sizes=\"auto, (max-width: 640px) 100vw, 640px\" \/><\/a><\/figure><\/li><li class=\"blocks-gallery-item\"><figure><a href=\"http:\/\/qtmm.org\/wp-content\/uploads\/2022\/01\/4de4ae2123e66.jpg\"><img loading=\"lazy\" decoding=\"async\" width=\"640\" height=\"480\" src=\"http:\/\/qtmm.org\/wp-content\/uploads\/2022\/01\/4de4ae2123e66.jpg\" alt=\"\" data-id=\"23594\" data-full-url=\"http:\/\/qtmm.org\/wp-content\/uploads\/2022\/01\/4de4ae2123e66.jpg\" data-link=\"http:\/\/qtmm.org\/qt\/?attachment_id=23594\" class=\"wp-image-23594\" srcset=\"https:\/\/qtmm.org\/wp-content\/uploads\/2022\/01\/4de4ae2123e66.jpg 640w, https:\/\/qtmm.org\/wp-content\/uploads\/2022\/01\/4de4ae2123e66-300x225.jpg 300w\" sizes=\"auto, (max-width: 640px) 100vw, 640px\" \/><\/a><\/figure><\/li><li class=\"blocks-gallery-item\"><figure><a href=\"http:\/\/qtmm.org\/wp-content\/uploads\/2022\/01\/4de4ae266403b.jpg\"><img loading=\"lazy\" decoding=\"async\" width=\"640\" height=\"480\" src=\"http:\/\/qtmm.org\/wp-content\/uploads\/2022\/01\/4de4ae266403b.jpg\" alt=\"\" data-id=\"23598\" data-full-url=\"http:\/\/qtmm.org\/wp-content\/uploads\/2022\/01\/4de4ae266403b.jpg\" data-link=\"http:\/\/qtmm.org\/qt\/?attachment_id=23598\" class=\"wp-image-23598\" srcset=\"https:\/\/qtmm.org\/wp-content\/uploads\/2022\/01\/4de4ae266403b.jpg 640w, https:\/\/qtmm.org\/wp-content\/uploads\/2022\/01\/4de4ae266403b-300x225.jpg 300w\" sizes=\"auto, (max-width: 640px) 100vw, 640px\" \/><\/a><\/figure><\/li><\/ul><\/figure>\n","protected":false},"excerpt":{"rendered":"<p>May\u0131s 10 k\u00fcn\u00fc Ba\u011f\u00e7asaray regional meclisini\u00f1 ofisinde Milliy Meclisni\u00f1 birinci muavini Refat \u00c7ubarov Frenkistan Senat\u0131n\u0131\u00f1 senator\u0131, Frenkistan-Ukraina parlamentara dostlu\u011f\u0131 gruppas\u0131n\u0131\u00f1 azas\u0131 Simon Sut\u00fcr ile k\u00f6r\u00fc\u015fti. Subetni\u00f1 ba\u015f\u0131nda S.Sut\u00fcr Milliy Meclis reisi Mustafa Cemilev ve b\u00fct\u00fcn Meclis azalar\u0131na \u00f6z deputat gruppas\u0131n\u0131\u00f1 yolba\u015f\u00e7\u0131s\u0131 Jan-Pyer Plankadn\u0131\u00f1 sel\u00e2mlar\u0131n\u0131 aytt\u0131 ve: &#8220;Plankad cenaplar\u0131 ve 2010 senesi Q\u0131r\u0131mn\u0131 ziyaret etken zenaatda\u015flar\u0131m\u0131z [&hellip;]<\/p>\n","protected":false},"author":1,"featured_media":23598,"comment_status":"open","ping_status":"open","sticky":false,"template":"","format":"standard","meta":{"inline_featured_image":false,"footnotes":""},"categories":[265],"tags":[],"class_list":["post-23549","post","type-post","status-publish","format-standard","has-post-thumbnail","hentry","category-haberler"],"acf":[],"yoast_head":"<!-- This site is optimized with the Yoast SEO plugin v27.4 - https:\/\/yoast.com\/product\/yoast-seo-wordpress\/ -->\n<title>Frenkistan senator\u0131 Simon Sut\u00fcr Ba\u011f\u00e7asarayda - \u041c\u0435\u0434\u0436\u043b\u0456\u0441<\/title>\n<meta name=\"robots\" content=\"index, follow, max-snippet:-1, max-image-preview:large, max-video-preview:-1\" \/>\n<link rel=\"canonical\" href=\"https:\/\/qtmm.org\/qt\/frenkistan-senatori-simon-sutur-bagcasarayda\/\" \/>\n<meta property=\"og:locale\" content=\"en_US\" \/>\n<meta property=\"og:type\" content=\"article\" \/>\n<meta property=\"og:title\" content=\"Frenkistan senator\u0131 Simon Sut\u00fcr Ba\u011f\u00e7asarayda - \u041c\u0435\u0434\u0436\u043b\u0456\u0441\" \/>\n<meta property=\"og:description\" content=\"May\u0131s 10 k\u00fcn\u00fc Ba\u011f\u00e7asaray regional meclisini\u00f1 ofisinde Milliy Meclisni\u00f1 birinci muavini Refat \u00c7ubarov Frenkistan Senat\u0131n\u0131\u00f1 senator\u0131, Frenkistan-Ukraina parlamentara dostlu\u011f\u0131 gruppas\u0131n\u0131\u00f1 azas\u0131 Simon Sut\u00fcr ile k\u00f6r\u00fc\u015fti. Subetni\u00f1 ba\u015f\u0131nda S.Sut\u00fcr Milliy Meclis reisi Mustafa Cemilev ve b\u00fct\u00fcn Meclis azalar\u0131na \u00f6z deputat gruppas\u0131n\u0131\u00f1 yolba\u015f\u00e7\u0131s\u0131 Jan-Pyer Plankadn\u0131\u00f1 sel\u00e2mlar\u0131n\u0131 aytt\u0131 ve: &#8220;Plankad cenaplar\u0131 ve 2010 senesi Q\u0131r\u0131mn\u0131 ziyaret etken zenaatda\u015flar\u0131m\u0131z [&hellip;]\" \/>\n<meta property=\"og:url\" content=\"https:\/\/qtmm.org\/qt\/frenkistan-senatori-simon-sutur-bagcasarayda\/\" \/>\n<meta property=\"og:site_name\" content=\"\u041c\u0435\u0434\u0436\u043b\u0456\u0441\" \/>\n<meta property=\"article:publisher\" content=\"https:\/\/www.facebook.com\/qtmm.info\/\" \/>\n<meta property=\"article:published_time\" content=\"2011-12-10T13:33:00+00:00\" \/>\n<meta property=\"article:modified_time\" content=\"2022-01-18T13:36:21+00:00\" \/>\n<meta property=\"og:image\" content=\"https:\/\/qtmm.org\/wp-content\/uploads\/2022\/01\/4de4ae266403b.jpg\" \/>\n\t<meta property=\"og:image:width\" content=\"640\" \/>\n\t<meta property=\"og:image:height\" content=\"480\" \/>\n\t<meta property=\"og:image:type\" content=\"image\/jpeg\" \/>\n<meta name=\"author\" content=\"Developer\" \/>\n<meta name=\"twitter:card\" content=\"summary_large_image\" \/>\n<meta name=\"twitter:label1\" content=\"Written by\" \/>\n\t<meta name=\"twitter:data1\" content=\"Developer\" \/>\n\t<meta name=\"twitter:label2\" content=\"Est. reading time\" \/>\n\t<meta name=\"twitter:data2\" content=\"3 minutes\" \/>\n<script type=\"application\/ld+json\" class=\"yoast-schema-graph\">{\"@context\":\"https:\\\/\\\/schema.org\",\"@graph\":[{\"@type\":\"Article\",\"@id\":\"https:\\\/\\\/qtmm.org\\\/qt\\\/frenkistan-senatori-simon-sutur-bagcasarayda\\\/#article\",\"isPartOf\":{\"@id\":\"https:\\\/\\\/qtmm.org\\\/qt\\\/frenkistan-senatori-simon-sutur-bagcasarayda\\\/\"},\"author\":{\"name\":\"Developer\",\"@id\":\"https:\\\/\\\/qtmm.org\\\/qt\\\/#\\\/schema\\\/person\\\/de562469f971dec226ac06e60bbf74a7\"},\"headline\":\"Frenkistan senator\u0131 Simon Sut\u00fcr Ba\u011f\u00e7asarayda\",\"datePublished\":\"2011-12-10T13:33:00+00:00\",\"dateModified\":\"2022-01-18T13:36:21+00:00\",\"mainEntityOfPage\":{\"@id\":\"https:\\\/\\\/qtmm.org\\\/qt\\\/frenkistan-senatori-simon-sutur-bagcasarayda\\\/\"},\"wordCount\":559,\"commentCount\":0,\"publisher\":{\"@id\":\"https:\\\/\\\/qtmm.org\\\/qt\\\/#organization\"},\"image\":{\"@id\":\"https:\\\/\\\/qtmm.org\\\/qt\\\/frenkistan-senatori-simon-sutur-bagcasarayda\\\/#primaryimage\"},\"thumbnailUrl\":\"https:\\\/\\\/qtmm.org\\\/wp-content\\\/uploads\\\/2022\\\/01\\\/4de4ae266403b.jpg\",\"articleSection\":[\"Haberler\"],\"inLanguage\":\"qt\",\"potentialAction\":[{\"@type\":\"CommentAction\",\"name\":\"Comment\",\"target\":[\"https:\\\/\\\/qtmm.org\\\/qt\\\/frenkistan-senatori-simon-sutur-bagcasarayda\\\/#respond\"]}]},{\"@type\":\"WebPage\",\"@id\":\"https:\\\/\\\/qtmm.org\\\/qt\\\/frenkistan-senatori-simon-sutur-bagcasarayda\\\/\",\"url\":\"https:\\\/\\\/qtmm.org\\\/qt\\\/frenkistan-senatori-simon-sutur-bagcasarayda\\\/\",\"name\":\"Frenkistan senator\u0131 Simon Sut\u00fcr Ba\u011f\u00e7asarayda - \u041c\u0435\u0434\u0436\u043b\u0456\u0441\",\"isPartOf\":{\"@id\":\"https:\\\/\\\/qtmm.org\\\/qt\\\/#website\"},\"primaryImageOfPage\":{\"@id\":\"https:\\\/\\\/qtmm.org\\\/qt\\\/frenkistan-senatori-simon-sutur-bagcasarayda\\\/#primaryimage\"},\"image\":{\"@id\":\"https:\\\/\\\/qtmm.org\\\/qt\\\/frenkistan-senatori-simon-sutur-bagcasarayda\\\/#primaryimage\"},\"thumbnailUrl\":\"https:\\\/\\\/qtmm.org\\\/wp-content\\\/uploads\\\/2022\\\/01\\\/4de4ae266403b.jpg\",\"datePublished\":\"2011-12-10T13:33:00+00:00\",\"dateModified\":\"2022-01-18T13:36:21+00:00\",\"breadcrumb\":{\"@id\":\"https:\\\/\\\/qtmm.org\\\/qt\\\/frenkistan-senatori-simon-sutur-bagcasarayda\\\/#breadcrumb\"},\"inLanguage\":\"qt\",\"potentialAction\":[{\"@type\":\"ReadAction\",\"target\":[\"https:\\\/\\\/qtmm.org\\\/qt\\\/frenkistan-senatori-simon-sutur-bagcasarayda\\\/\"]}]},{\"@type\":\"ImageObject\",\"inLanguage\":\"qt\",\"@id\":\"https:\\\/\\\/qtmm.org\\\/qt\\\/frenkistan-senatori-simon-sutur-bagcasarayda\\\/#primaryimage\",\"url\":\"https:\\\/\\\/qtmm.org\\\/wp-content\\\/uploads\\\/2022\\\/01\\\/4de4ae266403b.jpg\",\"contentUrl\":\"https:\\\/\\\/qtmm.org\\\/wp-content\\\/uploads\\\/2022\\\/01\\\/4de4ae266403b.jpg\",\"width\":640,\"height\":480},{\"@type\":\"BreadcrumbList\",\"@id\":\"https:\\\/\\\/qtmm.org\\\/qt\\\/frenkistan-senatori-simon-sutur-bagcasarayda\\\/#breadcrumb\",\"itemListElement\":[{\"@type\":\"ListItem\",\"position\":1,\"name\":\"\u0413\u043e\u043b\u043e\u0432\u043d\u0430\",\"item\":\"https:\\\/\\\/qtmm.org\\\/qt\\\/\"},{\"@type\":\"ListItem\",\"position\":2,\"name\":\"Frenkistan senator\u0131 Simon Sut\u00fcr Ba\u011f\u00e7asarayda\"}]},{\"@type\":\"WebSite\",\"@id\":\"https:\\\/\\\/qtmm.org\\\/qt\\\/#website\",\"url\":\"https:\\\/\\\/qtmm.org\\\/qt\\\/\",\"name\":\"\u041c\u0435\u0434\u0436\u043b\u0456\u0441\",\"description\":\"\",\"publisher\":{\"@id\":\"https:\\\/\\\/qtmm.org\\\/qt\\\/#organization\"},\"potentialAction\":[{\"@type\":\"SearchAction\",\"target\":{\"@type\":\"EntryPoint\",\"urlTemplate\":\"https:\\\/\\\/qtmm.org\\\/qt\\\/?s={search_term_string}\"},\"query-input\":{\"@type\":\"PropertyValueSpecification\",\"valueRequired\":true,\"valueName\":\"search_term_string\"}}],\"inLanguage\":\"qt\"},{\"@type\":\"Organization\",\"@id\":\"https:\\\/\\\/qtmm.org\\\/qt\\\/#organization\",\"name\":\"\u041c\u0435\u0434\u0436\u043b\u0456\u0441\",\"url\":\"https:\\\/\\\/qtmm.org\\\/qt\\\/\",\"logo\":{\"@type\":\"ImageObject\",\"inLanguage\":\"qt\",\"@id\":\"https:\\\/\\\/qtmm.org\\\/qt\\\/#\\\/schema\\\/logo\\\/image\\\/\",\"url\":\"https:\\\/\\\/qtmm.org\\\/wp-content\\\/uploads\\\/2024\\\/12\\\/ua-mejlis-logo-rgb.svg\",\"contentUrl\":\"https:\\\/\\\/qtmm.org\\\/wp-content\\\/uploads\\\/2024\\\/12\\\/ua-mejlis-logo-rgb.svg\",\"caption\":\"\u041c\u0435\u0434\u0436\u043b\u0456\u0441\"},\"image\":{\"@id\":\"https:\\\/\\\/qtmm.org\\\/qt\\\/#\\\/schema\\\/logo\\\/image\\\/\"},\"sameAs\":[\"https:\\\/\\\/www.facebook.com\\\/qtmm.info\\\/\"]},{\"@type\":\"Person\",\"@id\":\"https:\\\/\\\/qtmm.org\\\/qt\\\/#\\\/schema\\\/person\\\/de562469f971dec226ac06e60bbf74a7\",\"name\":\"Developer\",\"image\":{\"@type\":\"ImageObject\",\"inLanguage\":\"qt\",\"@id\":\"https:\\\/\\\/secure.gravatar.com\\\/avatar\\\/392b4cc8fbfeb00b39dfeeab4ee6edded39ffd48e25858637e4765810300227e?s=96&d=mm&r=g\",\"url\":\"https:\\\/\\\/secure.gravatar.com\\\/avatar\\\/392b4cc8fbfeb00b39dfeeab4ee6edded39ffd48e25858637e4765810300227e?s=96&d=mm&r=g\",\"contentUrl\":\"https:\\\/\\\/secure.gravatar.com\\\/avatar\\\/392b4cc8fbfeb00b39dfeeab4ee6edded39ffd48e25858637e4765810300227e?s=96&d=mm&r=g\",\"caption\":\"Developer\"},\"url\":\"https:\\\/\\\/qtmm.org\\\/qt\\\/author\\\/Developer\\\/\"}]}<\/script>\n<!-- \/ Yoast SEO plugin. -->","yoast_head_json":{"title":"Frenkistan senator\u0131 Simon Sut\u00fcr Ba\u011f\u00e7asarayda - \u041c\u0435\u0434\u0436\u043b\u0456\u0441","robots":{"index":"index","follow":"follow","max-snippet":"max-snippet:-1","max-image-preview":"max-image-preview:large","max-video-preview":"max-video-preview:-1"},"canonical":"https:\/\/qtmm.org\/qt\/frenkistan-senatori-simon-sutur-bagcasarayda\/","og_locale":"en_US","og_type":"article","og_title":"Frenkistan senator\u0131 Simon Sut\u00fcr Ba\u011f\u00e7asarayda - \u041c\u0435\u0434\u0436\u043b\u0456\u0441","og_description":"May\u0131s 10 k\u00fcn\u00fc Ba\u011f\u00e7asaray regional meclisini\u00f1 ofisinde Milliy Meclisni\u00f1 birinci muavini Refat \u00c7ubarov Frenkistan Senat\u0131n\u0131\u00f1 senator\u0131, Frenkistan-Ukraina parlamentara dostlu\u011f\u0131 gruppas\u0131n\u0131\u00f1 azas\u0131 Simon Sut\u00fcr ile k\u00f6r\u00fc\u015fti. Subetni\u00f1 ba\u015f\u0131nda S.Sut\u00fcr Milliy Meclis reisi Mustafa Cemilev ve b\u00fct\u00fcn Meclis azalar\u0131na \u00f6z deputat gruppas\u0131n\u0131\u00f1 yolba\u015f\u00e7\u0131s\u0131 Jan-Pyer Plankadn\u0131\u00f1 sel\u00e2mlar\u0131n\u0131 aytt\u0131 ve: &#8220;Plankad cenaplar\u0131 ve 2010 senesi Q\u0131r\u0131mn\u0131 ziyaret etken zenaatda\u015flar\u0131m\u0131z [&hellip;]","og_url":"https:\/\/qtmm.org\/qt\/frenkistan-senatori-simon-sutur-bagcasarayda\/","og_site_name":"\u041c\u0435\u0434\u0436\u043b\u0456\u0441","article_publisher":"https:\/\/www.facebook.com\/qtmm.info\/","article_published_time":"2011-12-10T13:33:00+00:00","article_modified_time":"2022-01-18T13:36:21+00:00","og_image":[{"width":640,"height":480,"url":"https:\/\/qtmm.org\/wp-content\/uploads\/2022\/01\/4de4ae266403b.jpg","type":"image\/jpeg"}],"author":"Developer","twitter_card":"summary_large_image","twitter_misc":{"Written by":"Developer","Est. reading time":"3 minutes"},"schema":{"@context":"https:\/\/schema.org","@graph":[{"@type":"Article","@id":"https:\/\/qtmm.org\/qt\/frenkistan-senatori-simon-sutur-bagcasarayda\/#article","isPartOf":{"@id":"https:\/\/qtmm.org\/qt\/frenkistan-senatori-simon-sutur-bagcasarayda\/"},"author":{"name":"Developer","@id":"https:\/\/qtmm.org\/qt\/#\/schema\/person\/de562469f971dec226ac06e60bbf74a7"},"headline":"Frenkistan senator\u0131 Simon Sut\u00fcr Ba\u011f\u00e7asarayda","datePublished":"2011-12-10T13:33:00+00:00","dateModified":"2022-01-18T13:36:21+00:00","mainEntityOfPage":{"@id":"https:\/\/qtmm.org\/qt\/frenkistan-senatori-simon-sutur-bagcasarayda\/"},"wordCount":559,"commentCount":0,"publisher":{"@id":"https:\/\/qtmm.org\/qt\/#organization"},"image":{"@id":"https:\/\/qtmm.org\/qt\/frenkistan-senatori-simon-sutur-bagcasarayda\/#primaryimage"},"thumbnailUrl":"https:\/\/qtmm.org\/wp-content\/uploads\/2022\/01\/4de4ae266403b.jpg","articleSection":["Haberler"],"inLanguage":"qt","potentialAction":[{"@type":"CommentAction","name":"Comment","target":["https:\/\/qtmm.org\/qt\/frenkistan-senatori-simon-sutur-bagcasarayda\/#respond"]}]},{"@type":"WebPage","@id":"https:\/\/qtmm.org\/qt\/frenkistan-senatori-simon-sutur-bagcasarayda\/","url":"https:\/\/qtmm.org\/qt\/frenkistan-senatori-simon-sutur-bagcasarayda\/","name":"Frenkistan senator\u0131 Simon Sut\u00fcr Ba\u011f\u00e7asarayda - \u041c\u0435\u0434\u0436\u043b\u0456\u0441","isPartOf":{"@id":"https:\/\/qtmm.org\/qt\/#website"},"primaryImageOfPage":{"@id":"https:\/\/qtmm.org\/qt\/frenkistan-senatori-simon-sutur-bagcasarayda\/#primaryimage"},"image":{"@id":"https:\/\/qtmm.org\/qt\/frenkistan-senatori-simon-sutur-bagcasarayda\/#primaryimage"},"thumbnailUrl":"https:\/\/qtmm.org\/wp-content\/uploads\/2022\/01\/4de4ae266403b.jpg","datePublished":"2011-12-10T13:33:00+00:00","dateModified":"2022-01-18T13:36:21+00:00","breadcrumb":{"@id":"https:\/\/qtmm.org\/qt\/frenkistan-senatori-simon-sutur-bagcasarayda\/#breadcrumb"},"inLanguage":"qt","potentialAction":[{"@type":"ReadAction","target":["https:\/\/qtmm.org\/qt\/frenkistan-senatori-simon-sutur-bagcasarayda\/"]}]},{"@type":"ImageObject","inLanguage":"qt","@id":"https:\/\/qtmm.org\/qt\/frenkistan-senatori-simon-sutur-bagcasarayda\/#primaryimage","url":"https:\/\/qtmm.org\/wp-content\/uploads\/2022\/01\/4de4ae266403b.jpg","contentUrl":"https:\/\/qtmm.org\/wp-content\/uploads\/2022\/01\/4de4ae266403b.jpg","width":640,"height":480},{"@type":"BreadcrumbList","@id":"https:\/\/qtmm.org\/qt\/frenkistan-senatori-simon-sutur-bagcasarayda\/#breadcrumb","itemListElement":[{"@type":"ListItem","position":1,"name":"\u0413\u043e\u043b\u043e\u0432\u043d\u0430","item":"https:\/\/qtmm.org\/qt\/"},{"@type":"ListItem","position":2,"name":"Frenkistan senator\u0131 Simon Sut\u00fcr Ba\u011f\u00e7asarayda"}]},{"@type":"WebSite","@id":"https:\/\/qtmm.org\/qt\/#website","url":"https:\/\/qtmm.org\/qt\/","name":"\u041c\u0435\u0434\u0436\u043b\u0456\u0441","description":"","publisher":{"@id":"https:\/\/qtmm.org\/qt\/#organization"},"potentialAction":[{"@type":"SearchAction","target":{"@type":"EntryPoint","urlTemplate":"https:\/\/qtmm.org\/qt\/?s={search_term_string}"},"query-input":{"@type":"PropertyValueSpecification","valueRequired":true,"valueName":"search_term_string"}}],"inLanguage":"qt"},{"@type":"Organization","@id":"https:\/\/qtmm.org\/qt\/#organization","name":"\u041c\u0435\u0434\u0436\u043b\u0456\u0441","url":"https:\/\/qtmm.org\/qt\/","logo":{"@type":"ImageObject","inLanguage":"qt","@id":"https:\/\/qtmm.org\/qt\/#\/schema\/logo\/image\/","url":"https:\/\/qtmm.org\/wp-content\/uploads\/2024\/12\/ua-mejlis-logo-rgb.svg","contentUrl":"https:\/\/qtmm.org\/wp-content\/uploads\/2024\/12\/ua-mejlis-logo-rgb.svg","caption":"\u041c\u0435\u0434\u0436\u043b\u0456\u0441"},"image":{"@id":"https:\/\/qtmm.org\/qt\/#\/schema\/logo\/image\/"},"sameAs":["https:\/\/www.facebook.com\/qtmm.info\/"]},{"@type":"Person","@id":"https:\/\/qtmm.org\/qt\/#\/schema\/person\/de562469f971dec226ac06e60bbf74a7","name":"Developer","image":{"@type":"ImageObject","inLanguage":"qt","@id":"https:\/\/secure.gravatar.com\/avatar\/392b4cc8fbfeb00b39dfeeab4ee6edded39ffd48e25858637e4765810300227e?s=96&d=mm&r=g","url":"https:\/\/secure.gravatar.com\/avatar\/392b4cc8fbfeb00b39dfeeab4ee6edded39ffd48e25858637e4765810300227e?s=96&d=mm&r=g","contentUrl":"https:\/\/secure.gravatar.com\/avatar\/392b4cc8fbfeb00b39dfeeab4ee6edded39ffd48e25858637e4765810300227e?s=96&d=mm&r=g","caption":"Developer"},"url":"https:\/\/qtmm.org\/qt\/author\/Developer\/"}]}},"_links":{"self":[{"href":"https:\/\/qtmm.org\/qt\/wp-json\/wp\/v2\/posts\/23549","targetHints":{"allow":["GET"]}}],"collection":[{"href":"https:\/\/qtmm.org\/qt\/wp-json\/wp\/v2\/posts"}],"about":[{"href":"https:\/\/qtmm.org\/qt\/wp-json\/wp\/v2\/types\/post"}],"author":[{"embeddable":true,"href":"https:\/\/qtmm.org\/qt\/wp-json\/wp\/v2\/users\/1"}],"replies":[{"embeddable":true,"href":"https:\/\/qtmm.org\/qt\/wp-json\/wp\/v2\/comments?post=23549"}],"version-history":[{"count":1,"href":"https:\/\/qtmm.org\/qt\/wp-json\/wp\/v2\/posts\/23549\/revisions"}],"predecessor-version":[{"id":23602,"href":"https:\/\/qtmm.org\/qt\/wp-json\/wp\/v2\/posts\/23549\/revisions\/23602"}],"wp:featuredmedia":[{"embeddable":true,"href":"https:\/\/qtmm.org\/qt\/wp-json\/wp\/v2\/media\/23598"}],"wp:attachment":[{"href":"https:\/\/qtmm.org\/qt\/wp-json\/wp\/v2\/media?parent=23549"}],"wp:term":[{"taxonomy":"category","embeddable":true,"href":"https:\/\/qtmm.org\/qt\/wp-json\/wp\/v2\/categories?post=23549"},{"taxonomy":"post_tag","embeddable":true,"href":"https:\/\/qtmm.org\/qt\/wp-json\/wp\/v2\/tags?post=23549"}],"curies":[{"name":"wp","href":"https:\/\/api.w.org\/{rel}","templated":true}]}}