




{"id":23547,"date":"2011-12-08T16:32:00","date_gmt":"2011-12-08T13:32:00","guid":{"rendered":"http:\/\/qtmm.org\/?p=23547"},"modified":"2022-01-18T16:33:02","modified_gmt":"2022-01-18T13:33:02","slug":"cankoy-meclisinin-yetekcisi-rustem-ennan-oldi","status":"publish","type":"post","link":"https:\/\/qtmm.org\/qt\/cankoy-meclisinin-yetekcisi-rustem-ennan-oldi\/","title":{"rendered":"Cank\u00f6y meclisini\u00f1 yetek\u00e7isi Rustem Ennan old\u0131"},"content":{"rendered":"\n<p>8 may\u0131s k\u00fcn\u00fc Cank\u00f6yde regional meclis reisini\u00f1 saylav\u0131 boyunca konferentsiya \u00f6tkerildi.<br>Onda 17-aprelde gizli rey ber\u00fcvnen saylan\u011fan ve 27 yerli meclisni temsil etken 193 delegattan 159-\u0131 i\u015ftirak etti.<\/p>\n\n\n\n<p>Konferentsiyan\u0131 Milliy Meclis reisini\u00f1 birinci muavini, yerli meclisler saylav\u0131n\u0131 te\u015fkil et\u00fcv boyunca Komissiyan\u0131\u00f1 reisi Refat \u00c7ubarov al\u0131p bard\u0131. Tedbirde Meclis reisini\u00f1 muavinleri Remzit \u0130lyas, Ahtem \u00c7iygoz, Meclis azalar\u0131 Safure Kacametova, Ruslan Kurtseit, \u0130sl\u00e2m Halil da i\u015ftirak ettiler.<\/p>\n\n\n\n<p>Regional meclts reisi vazifesine Enver Abduveliyev ve Ruslan Ennanovn\u0131\u00f1 namzetleri k\u00f6sterildi, muzakere etildi.<\/p>\n\n\n\n<p>Rey ber\u00fcv neticeleri seslendirilgen so\u00f1, E.Abduveliyevge 57, R.Ennan\u011fa 93 delegat qoltutqan\u0131 belli old\u0131 (3 b\u00fclleten bozuq, dep tan\u0131ld\u0131). B\u00f6yleliknen, Rustem bey Cank\u00f6y regional meclisini\u00f1 reisi olaraq tasdiqland\u0131.<\/p>\n\n\n\n<p>Yerli meclis yetek\u00e7ilerinden ibaret ol\u011fan regional mecliske yaye\u0131 reisni\u00f1 teklifi ile Abl\u00e2mit Abibula, Abl\u00e2tif Aciumer, Enver Qas\u0131m, Muzafer Kerim, Re\u015fat Mefa, Seydamet Talip kirsetildiler.<\/p>\n","protected":false},"excerpt":{"rendered":"<p>8 may\u0131s k\u00fcn\u00fc Cank\u00f6yde regional meclis reisini\u00f1 saylav\u0131 boyunca konferentsiya \u00f6tkerildi.Onda 17-aprelde gizli rey ber\u00fcvnen saylan\u011fan ve 27 yerli meclisni temsil etken 193 delegattan 159-\u0131 i\u015ftirak etti. Konferentsiyan\u0131 Milliy Meclis reisini\u00f1 birinci muavini, yerli meclisler saylav\u0131n\u0131 te\u015fkil et\u00fcv boyunca Komissiyan\u0131\u00f1 reisi Refat \u00c7ubarov al\u0131p bard\u0131. Tedbirde Meclis reisini\u00f1 muavinleri Remzit \u0130lyas, Ahtem \u00c7iygoz, Meclis azalar\u0131 [&hellip;]<\/p>\n","protected":false},"author":1,"featured_media":0,"comment_status":"open","ping_status":"open","sticky":false,"template":"","format":"standard","meta":{"inline_featured_image":false,"footnotes":""},"categories":[265],"tags":[],"class_list":["post-23547","post","type-post","status-publish","format-standard","hentry","category-haberler"],"acf":[],"yoast_head":"<!-- This site is optimized with the Yoast SEO plugin v27.4 - https:\/\/yoast.com\/product\/yoast-seo-wordpress\/ -->\n<title>Cank\u00f6y meclisini\u00f1 yetek\u00e7isi Rustem Ennan old\u0131 - \u041c\u0435\u0434\u0436\u043b\u0456\u0441<\/title>\n<meta name=\"robots\" content=\"index, follow, max-snippet:-1, max-image-preview:large, max-video-preview:-1\" \/>\n<link rel=\"canonical\" href=\"https:\/\/qtmm.org\/qt\/cankoy-meclisinin-yetekcisi-rustem-ennan-oldi\/\" \/>\n<meta property=\"og:locale\" content=\"en_US\" \/>\n<meta property=\"og:type\" content=\"article\" \/>\n<meta property=\"og:title\" content=\"Cank\u00f6y meclisini\u00f1 yetek\u00e7isi Rustem Ennan old\u0131 - \u041c\u0435\u0434\u0436\u043b\u0456\u0441\" \/>\n<meta property=\"og:description\" content=\"8 may\u0131s k\u00fcn\u00fc Cank\u00f6yde regional meclis reisini\u00f1 saylav\u0131 boyunca konferentsiya \u00f6tkerildi.Onda 17-aprelde gizli rey ber\u00fcvnen saylan\u011fan ve 27 yerli meclisni temsil etken 193 delegattan 159-\u0131 i\u015ftirak etti. Konferentsiyan\u0131 Milliy Meclis reisini\u00f1 birinci muavini, yerli meclisler saylav\u0131n\u0131 te\u015fkil et\u00fcv boyunca Komissiyan\u0131\u00f1 reisi Refat \u00c7ubarov al\u0131p bard\u0131. Tedbirde Meclis reisini\u00f1 muavinleri Remzit \u0130lyas, Ahtem \u00c7iygoz, Meclis azalar\u0131 [&hellip;]\" \/>\n<meta property=\"og:url\" content=\"https:\/\/qtmm.org\/qt\/cankoy-meclisinin-yetekcisi-rustem-ennan-oldi\/\" \/>\n<meta property=\"og:site_name\" content=\"\u041c\u0435\u0434\u0436\u043b\u0456\u0441\" \/>\n<meta property=\"article:publisher\" content=\"https:\/\/www.facebook.com\/qtmm.info\/\" \/>\n<meta property=\"article:published_time\" content=\"2011-12-08T13:32:00+00:00\" \/>\n<meta property=\"article:modified_time\" content=\"2022-01-18T13:33:02+00:00\" \/>\n<meta name=\"author\" content=\"Developer\" \/>\n<meta name=\"twitter:card\" content=\"summary_large_image\" \/>\n<meta name=\"twitter:label1\" content=\"Written by\" \/>\n\t<meta name=\"twitter:data1\" content=\"Developer\" \/>\n\t<meta name=\"twitter:label2\" content=\"Est. reading time\" \/>\n\t<meta name=\"twitter:data2\" content=\"1 minute\" \/>\n<script type=\"application\/ld+json\" class=\"yoast-schema-graph\">{\"@context\":\"https:\\\/\\\/schema.org\",\"@graph\":[{\"@type\":\"Article\",\"@id\":\"https:\\\/\\\/qtmm.org\\\/qt\\\/cankoy-meclisinin-yetekcisi-rustem-ennan-oldi\\\/#article\",\"isPartOf\":{\"@id\":\"https:\\\/\\\/qtmm.org\\\/qt\\\/cankoy-meclisinin-yetekcisi-rustem-ennan-oldi\\\/\"},\"author\":{\"name\":\"Developer\",\"@id\":\"https:\\\/\\\/qtmm.org\\\/qt\\\/#\\\/schema\\\/person\\\/de562469f971dec226ac06e60bbf74a7\"},\"headline\":\"Cank\u00f6y meclisini\u00f1 yetek\u00e7isi Rustem Ennan old\u0131\",\"datePublished\":\"2011-12-08T13:32:00+00:00\",\"dateModified\":\"2022-01-18T13:33:02+00:00\",\"mainEntityOfPage\":{\"@id\":\"https:\\\/\\\/qtmm.org\\\/qt\\\/cankoy-meclisinin-yetekcisi-rustem-ennan-oldi\\\/\"},\"wordCount\":158,\"commentCount\":0,\"publisher\":{\"@id\":\"https:\\\/\\\/qtmm.org\\\/qt\\\/#organization\"},\"articleSection\":[\"Haberler\"],\"inLanguage\":\"qt\",\"potentialAction\":[{\"@type\":\"CommentAction\",\"name\":\"Comment\",\"target\":[\"https:\\\/\\\/qtmm.org\\\/qt\\\/cankoy-meclisinin-yetekcisi-rustem-ennan-oldi\\\/#respond\"]}]},{\"@type\":\"WebPage\",\"@id\":\"https:\\\/\\\/qtmm.org\\\/qt\\\/cankoy-meclisinin-yetekcisi-rustem-ennan-oldi\\\/\",\"url\":\"https:\\\/\\\/qtmm.org\\\/qt\\\/cankoy-meclisinin-yetekcisi-rustem-ennan-oldi\\\/\",\"name\":\"Cank\u00f6y meclisini\u00f1 yetek\u00e7isi Rustem Ennan old\u0131 - \u041c\u0435\u0434\u0436\u043b\u0456\u0441\",\"isPartOf\":{\"@id\":\"https:\\\/\\\/qtmm.org\\\/qt\\\/#website\"},\"datePublished\":\"2011-12-08T13:32:00+00:00\",\"dateModified\":\"2022-01-18T13:33:02+00:00\",\"breadcrumb\":{\"@id\":\"https:\\\/\\\/qtmm.org\\\/qt\\\/cankoy-meclisinin-yetekcisi-rustem-ennan-oldi\\\/#breadcrumb\"},\"inLanguage\":\"qt\",\"potentialAction\":[{\"@type\":\"ReadAction\",\"target\":[\"https:\\\/\\\/qtmm.org\\\/qt\\\/cankoy-meclisinin-yetekcisi-rustem-ennan-oldi\\\/\"]}]},{\"@type\":\"BreadcrumbList\",\"@id\":\"https:\\\/\\\/qtmm.org\\\/qt\\\/cankoy-meclisinin-yetekcisi-rustem-ennan-oldi\\\/#breadcrumb\",\"itemListElement\":[{\"@type\":\"ListItem\",\"position\":1,\"name\":\"\u0413\u043e\u043b\u043e\u0432\u043d\u0430\",\"item\":\"https:\\\/\\\/qtmm.org\\\/qt\\\/\"},{\"@type\":\"ListItem\",\"position\":2,\"name\":\"Cank\u00f6y meclisini\u00f1 yetek\u00e7isi Rustem Ennan old\u0131\"}]},{\"@type\":\"WebSite\",\"@id\":\"https:\\\/\\\/qtmm.org\\\/qt\\\/#website\",\"url\":\"https:\\\/\\\/qtmm.org\\\/qt\\\/\",\"name\":\"\u041c\u0435\u0434\u0436\u043b\u0456\u0441\",\"description\":\"\",\"publisher\":{\"@id\":\"https:\\\/\\\/qtmm.org\\\/qt\\\/#organization\"},\"potentialAction\":[{\"@type\":\"SearchAction\",\"target\":{\"@type\":\"EntryPoint\",\"urlTemplate\":\"https:\\\/\\\/qtmm.org\\\/qt\\\/?s={search_term_string}\"},\"query-input\":{\"@type\":\"PropertyValueSpecification\",\"valueRequired\":true,\"valueName\":\"search_term_string\"}}],\"inLanguage\":\"qt\"},{\"@type\":\"Organization\",\"@id\":\"https:\\\/\\\/qtmm.org\\\/qt\\\/#organization\",\"name\":\"\u041c\u0435\u0434\u0436\u043b\u0456\u0441\",\"url\":\"https:\\\/\\\/qtmm.org\\\/qt\\\/\",\"logo\":{\"@type\":\"ImageObject\",\"inLanguage\":\"qt\",\"@id\":\"https:\\\/\\\/qtmm.org\\\/qt\\\/#\\\/schema\\\/logo\\\/image\\\/\",\"url\":\"https:\\\/\\\/qtmm.org\\\/wp-content\\\/uploads\\\/2024\\\/12\\\/ua-mejlis-logo-rgb.svg\",\"contentUrl\":\"https:\\\/\\\/qtmm.org\\\/wp-content\\\/uploads\\\/2024\\\/12\\\/ua-mejlis-logo-rgb.svg\",\"caption\":\"\u041c\u0435\u0434\u0436\u043b\u0456\u0441\"},\"image\":{\"@id\":\"https:\\\/\\\/qtmm.org\\\/qt\\\/#\\\/schema\\\/logo\\\/image\\\/\"},\"sameAs\":[\"https:\\\/\\\/www.facebook.com\\\/qtmm.info\\\/\"]},{\"@type\":\"Person\",\"@id\":\"https:\\\/\\\/qtmm.org\\\/qt\\\/#\\\/schema\\\/person\\\/de562469f971dec226ac06e60bbf74a7\",\"name\":\"Developer\",\"image\":{\"@type\":\"ImageObject\",\"inLanguage\":\"qt\",\"@id\":\"https:\\\/\\\/secure.gravatar.com\\\/avatar\\\/392b4cc8fbfeb00b39dfeeab4ee6edded39ffd48e25858637e4765810300227e?s=96&d=mm&r=g\",\"url\":\"https:\\\/\\\/secure.gravatar.com\\\/avatar\\\/392b4cc8fbfeb00b39dfeeab4ee6edded39ffd48e25858637e4765810300227e?s=96&d=mm&r=g\",\"contentUrl\":\"https:\\\/\\\/secure.gravatar.com\\\/avatar\\\/392b4cc8fbfeb00b39dfeeab4ee6edded39ffd48e25858637e4765810300227e?s=96&d=mm&r=g\",\"caption\":\"Developer\"},\"url\":\"https:\\\/\\\/qtmm.org\\\/qt\\\/author\\\/Developer\\\/\"}]}<\/script>\n<!-- \/ Yoast SEO plugin. -->","yoast_head_json":{"title":"Cank\u00f6y meclisini\u00f1 yetek\u00e7isi Rustem Ennan old\u0131 - \u041c\u0435\u0434\u0436\u043b\u0456\u0441","robots":{"index":"index","follow":"follow","max-snippet":"max-snippet:-1","max-image-preview":"max-image-preview:large","max-video-preview":"max-video-preview:-1"},"canonical":"https:\/\/qtmm.org\/qt\/cankoy-meclisinin-yetekcisi-rustem-ennan-oldi\/","og_locale":"en_US","og_type":"article","og_title":"Cank\u00f6y meclisini\u00f1 yetek\u00e7isi Rustem Ennan old\u0131 - \u041c\u0435\u0434\u0436\u043b\u0456\u0441","og_description":"8 may\u0131s k\u00fcn\u00fc Cank\u00f6yde regional meclis reisini\u00f1 saylav\u0131 boyunca konferentsiya \u00f6tkerildi.Onda 17-aprelde gizli rey ber\u00fcvnen saylan\u011fan ve 27 yerli meclisni temsil etken 193 delegattan 159-\u0131 i\u015ftirak etti. Konferentsiyan\u0131 Milliy Meclis reisini\u00f1 birinci muavini, yerli meclisler saylav\u0131n\u0131 te\u015fkil et\u00fcv boyunca Komissiyan\u0131\u00f1 reisi Refat \u00c7ubarov al\u0131p bard\u0131. Tedbirde Meclis reisini\u00f1 muavinleri Remzit \u0130lyas, Ahtem \u00c7iygoz, Meclis azalar\u0131 [&hellip;]","og_url":"https:\/\/qtmm.org\/qt\/cankoy-meclisinin-yetekcisi-rustem-ennan-oldi\/","og_site_name":"\u041c\u0435\u0434\u0436\u043b\u0456\u0441","article_publisher":"https:\/\/www.facebook.com\/qtmm.info\/","article_published_time":"2011-12-08T13:32:00+00:00","article_modified_time":"2022-01-18T13:33:02+00:00","author":"Developer","twitter_card":"summary_large_image","twitter_misc":{"Written by":"Developer","Est. reading time":"1 minute"},"schema":{"@context":"https:\/\/schema.org","@graph":[{"@type":"Article","@id":"https:\/\/qtmm.org\/qt\/cankoy-meclisinin-yetekcisi-rustem-ennan-oldi\/#article","isPartOf":{"@id":"https:\/\/qtmm.org\/qt\/cankoy-meclisinin-yetekcisi-rustem-ennan-oldi\/"},"author":{"name":"Developer","@id":"https:\/\/qtmm.org\/qt\/#\/schema\/person\/de562469f971dec226ac06e60bbf74a7"},"headline":"Cank\u00f6y meclisini\u00f1 yetek\u00e7isi Rustem Ennan old\u0131","datePublished":"2011-12-08T13:32:00+00:00","dateModified":"2022-01-18T13:33:02+00:00","mainEntityOfPage":{"@id":"https:\/\/qtmm.org\/qt\/cankoy-meclisinin-yetekcisi-rustem-ennan-oldi\/"},"wordCount":158,"commentCount":0,"publisher":{"@id":"https:\/\/qtmm.org\/qt\/#organization"},"articleSection":["Haberler"],"inLanguage":"qt","potentialAction":[{"@type":"CommentAction","name":"Comment","target":["https:\/\/qtmm.org\/qt\/cankoy-meclisinin-yetekcisi-rustem-ennan-oldi\/#respond"]}]},{"@type":"WebPage","@id":"https:\/\/qtmm.org\/qt\/cankoy-meclisinin-yetekcisi-rustem-ennan-oldi\/","url":"https:\/\/qtmm.org\/qt\/cankoy-meclisinin-yetekcisi-rustem-ennan-oldi\/","name":"Cank\u00f6y meclisini\u00f1 yetek\u00e7isi Rustem Ennan old\u0131 - \u041c\u0435\u0434\u0436\u043b\u0456\u0441","isPartOf":{"@id":"https:\/\/qtmm.org\/qt\/#website"},"datePublished":"2011-12-08T13:32:00+00:00","dateModified":"2022-01-18T13:33:02+00:00","breadcrumb":{"@id":"https:\/\/qtmm.org\/qt\/cankoy-meclisinin-yetekcisi-rustem-ennan-oldi\/#breadcrumb"},"inLanguage":"qt","potentialAction":[{"@type":"ReadAction","target":["https:\/\/qtmm.org\/qt\/cankoy-meclisinin-yetekcisi-rustem-ennan-oldi\/"]}]},{"@type":"BreadcrumbList","@id":"https:\/\/qtmm.org\/qt\/cankoy-meclisinin-yetekcisi-rustem-ennan-oldi\/#breadcrumb","itemListElement":[{"@type":"ListItem","position":1,"name":"\u0413\u043e\u043b\u043e\u0432\u043d\u0430","item":"https:\/\/qtmm.org\/qt\/"},{"@type":"ListItem","position":2,"name":"Cank\u00f6y meclisini\u00f1 yetek\u00e7isi Rustem Ennan old\u0131"}]},{"@type":"WebSite","@id":"https:\/\/qtmm.org\/qt\/#website","url":"https:\/\/qtmm.org\/qt\/","name":"\u041c\u0435\u0434\u0436\u043b\u0456\u0441","description":"","publisher":{"@id":"https:\/\/qtmm.org\/qt\/#organization"},"potentialAction":[{"@type":"SearchAction","target":{"@type":"EntryPoint","urlTemplate":"https:\/\/qtmm.org\/qt\/?s={search_term_string}"},"query-input":{"@type":"PropertyValueSpecification","valueRequired":true,"valueName":"search_term_string"}}],"inLanguage":"qt"},{"@type":"Organization","@id":"https:\/\/qtmm.org\/qt\/#organization","name":"\u041c\u0435\u0434\u0436\u043b\u0456\u0441","url":"https:\/\/qtmm.org\/qt\/","logo":{"@type":"ImageObject","inLanguage":"qt","@id":"https:\/\/qtmm.org\/qt\/#\/schema\/logo\/image\/","url":"https:\/\/qtmm.org\/wp-content\/uploads\/2024\/12\/ua-mejlis-logo-rgb.svg","contentUrl":"https:\/\/qtmm.org\/wp-content\/uploads\/2024\/12\/ua-mejlis-logo-rgb.svg","caption":"\u041c\u0435\u0434\u0436\u043b\u0456\u0441"},"image":{"@id":"https:\/\/qtmm.org\/qt\/#\/schema\/logo\/image\/"},"sameAs":["https:\/\/www.facebook.com\/qtmm.info\/"]},{"@type":"Person","@id":"https:\/\/qtmm.org\/qt\/#\/schema\/person\/de562469f971dec226ac06e60bbf74a7","name":"Developer","image":{"@type":"ImageObject","inLanguage":"qt","@id":"https:\/\/secure.gravatar.com\/avatar\/392b4cc8fbfeb00b39dfeeab4ee6edded39ffd48e25858637e4765810300227e?s=96&d=mm&r=g","url":"https:\/\/secure.gravatar.com\/avatar\/392b4cc8fbfeb00b39dfeeab4ee6edded39ffd48e25858637e4765810300227e?s=96&d=mm&r=g","contentUrl":"https:\/\/secure.gravatar.com\/avatar\/392b4cc8fbfeb00b39dfeeab4ee6edded39ffd48e25858637e4765810300227e?s=96&d=mm&r=g","caption":"Developer"},"url":"https:\/\/qtmm.org\/qt\/author\/Developer\/"}]}},"_links":{"self":[{"href":"https:\/\/qtmm.org\/qt\/wp-json\/wp\/v2\/posts\/23547","targetHints":{"allow":["GET"]}}],"collection":[{"href":"https:\/\/qtmm.org\/qt\/wp-json\/wp\/v2\/posts"}],"about":[{"href":"https:\/\/qtmm.org\/qt\/wp-json\/wp\/v2\/types\/post"}],"author":[{"embeddable":true,"href":"https:\/\/qtmm.org\/qt\/wp-json\/wp\/v2\/users\/1"}],"replies":[{"embeddable":true,"href":"https:\/\/qtmm.org\/qt\/wp-json\/wp\/v2\/comments?post=23547"}],"version-history":[{"count":1,"href":"https:\/\/qtmm.org\/qt\/wp-json\/wp\/v2\/posts\/23547\/revisions"}],"predecessor-version":[{"id":23548,"href":"https:\/\/qtmm.org\/qt\/wp-json\/wp\/v2\/posts\/23547\/revisions\/23548"}],"wp:attachment":[{"href":"https:\/\/qtmm.org\/qt\/wp-json\/wp\/v2\/media?parent=23547"}],"wp:term":[{"taxonomy":"category","embeddable":true,"href":"https:\/\/qtmm.org\/qt\/wp-json\/wp\/v2\/categories?post=23547"},{"taxonomy":"post_tag","embeddable":true,"href":"https:\/\/qtmm.org\/qt\/wp-json\/wp\/v2\/tags?post=23547"}],"curies":[{"name":"wp","href":"https:\/\/api.w.org\/{rel}","templated":true}]}}