




{"id":23456,"date":"2011-09-22T16:06:00","date_gmt":"2011-09-22T13:06:00","guid":{"rendered":"http:\/\/qtmm.org\/?p=23456"},"modified":"2022-01-18T16:07:33","modified_gmt":"2022-01-18T13:07:33","slug":"poloniyada-umer-adamanovnin-adini-unutmaylar","status":"publish","type":"post","link":"https:\/\/qtmm.org\/qt\/poloniyada-umer-adamanovnin-adini-unutmaylar\/","title":{"rendered":"Poloniyada Umer Adamanovn\u0131\u00f1 ad\u0131n\u0131 unutmaylar"},"content":{"rendered":"\n<p>Mart 22 k\u00fcn\u00fc Milliy Meclisni\u00f1 T\u0131\u015fq\u0131 al\u00e2qalar boyunca idareni\u00f1 ba\u015f\u0131 Ali Hamzin ve &#8220;K\u00f6yde\u015fler&#8221; cemaat te\u015fkil\u00e2t\u0131n\u0131\u00f1 yolba\u015f\u00e7\u0131s\u0131 \u0130braim Voyenn\u0131y Poloniyan\u0131\u00f1 Y\u00fczefovo \u015feerinde resmiy ziyaretnen bul\u0131nd\u0131lar.<br><br>Ziyaret devam\u0131nda q\u0131r\u0131mtatar vekilleri bu sene iy\u00fcl 1 k\u00fcn\u00fc \u00dcmer Adamanovn\u0131\u00f1 hat\u0131ras\u0131na ba\u011f\u0131\u015flan\u0131p \u00f6tkerilecek tedbir programmas\u0131 \u00fczerinde Poloniya ve Litva tatarlar\u0131n\u0131\u00f1 timsalcilerinen muzakereler \u00f6tkerdiler.<\/p>\n\n\n\n<p>Ondan \u011fayr\u0131 Bilgoraya \u015feerindeki \u00fclke\u015f\u0131nas m\u00fczeyinde \u00dcmer Adamanov aqq\u0131nda ayr\u0131 ekspozitsiyas\u0131nen tan\u0131\u015f old\u0131lar.<\/p>\n\n\n\n<p>M\u00fczey m\u00fcdiri Yerji Vazskiyevi\u00e7 il\u00e2n etti ki, iy\u00fclni\u00f1 1-ne planla\u015ft\u0131r\u0131l\u011fan merasimge qadar partizan otr\u00e2d\u0131n\u0131\u00f1 efsaneviy komandiri \u00dcmer Adamanovnen ba\u011fl\u0131 b\u00fct\u00fcn derc olun\u011fan vesiqalarn\u0131\u00f1 kopiyalar\u0131 az\u0131rlan\u0131p, tantanal\u0131 merasim k\u00fcnleri q\u0131r\u0131mtatar vekillerine teslim olunacaq.<\/p>\n\n\n\n<p>Q\u0131r\u0131mtatar vekilleri \u00dcmer Adamanovn\u0131\u00f1 mezarl\u0131\u011f\u0131n\u0131 ziyaret etip, on\u0131\u00f1 ruhun\u0131 duanen a\u00f1d\u0131lar.<\/p>\n\n\n\n<p>\u00dcmer Adamanov &#8220;Mi\u015fka Tatar&#8221; la\u011fab\u0131 ile cenkle\u015fti. Arbiy-nemse komandal\u0131\u011f\u0131 ise on\u0131\u00f1 cesedi i\u00e7\u00fcn y\u00fcksek para muk\u00e2fatn\u0131 tayinledi. Bu qaramaniy \u015fahs fa\u015fist Almaniyan\u0131\u00f1 baz\u0131 planlar\u0131n\u0131 da\u011fma-da\u011f\u0131n etti.<\/p>\n\n\n\n<p>Do\u011fma Yaltal\u0131 \u00dcmer Adamanov, cesaretligi i\u00e7\u00fcn Poloniyan\u0131\u00f1 e\u00f1 y\u00fcksek arbiy muk\u00e2fatnen taqdirlendi. Poloniya cemiyeti taraf\u0131ndan Y\u00fczefovo \u015feerinde, qaraman k\u00f6m\u00fclgen yerinde, abide tiklenildi, \u015feer soqaqlarn\u0131\u00f1 birisine on\u0131\u00f1 ad\u0131n\u0131 bergenler ve er y\u0131l iy\u00fclni\u00f1 1-nde qaramann\u0131\u00f1 hat\u0131ra merasimleri ke\u00e7ireler.<br>&nbsp;<\/p>\n","protected":false},"excerpt":{"rendered":"<p>Mart 22 k\u00fcn\u00fc Milliy Meclisni\u00f1 T\u0131\u015fq\u0131 al\u00e2qalar boyunca idareni\u00f1 ba\u015f\u0131 Ali Hamzin ve &#8220;K\u00f6yde\u015fler&#8221; cemaat te\u015fkil\u00e2t\u0131n\u0131\u00f1 yolba\u015f\u00e7\u0131s\u0131 \u0130braim Voyenn\u0131y Poloniyan\u0131\u00f1 Y\u00fczefovo \u015feerinde resmiy ziyaretnen bul\u0131nd\u0131lar. Ziyaret devam\u0131nda q\u0131r\u0131mtatar vekilleri bu sene iy\u00fcl 1 k\u00fcn\u00fc \u00dcmer Adamanovn\u0131\u00f1 hat\u0131ras\u0131na ba\u011f\u0131\u015flan\u0131p \u00f6tkerilecek tedbir programmas\u0131 \u00fczerinde Poloniya ve Litva tatarlar\u0131n\u0131\u00f1 timsalcilerinen muzakereler \u00f6tkerdiler. Ondan \u011fayr\u0131 Bilgoraya \u015feerindeki \u00fclke\u015f\u0131nas m\u00fczeyinde [&hellip;]<\/p>\n","protected":false},"author":1,"featured_media":0,"comment_status":"open","ping_status":"open","sticky":false,"template":"","format":"standard","meta":{"inline_featured_image":false,"footnotes":""},"categories":[265],"tags":[],"class_list":["post-23456","post","type-post","status-publish","format-standard","hentry","category-haberler"],"acf":[],"yoast_head":"<!-- This site is optimized with the Yoast SEO plugin v27.4 - https:\/\/yoast.com\/product\/yoast-seo-wordpress\/ -->\n<title>Poloniyada Umer Adamanovn\u0131\u00f1 ad\u0131n\u0131 unutmaylar - \u041c\u0435\u0434\u0436\u043b\u0456\u0441<\/title>\n<meta name=\"robots\" content=\"index, follow, max-snippet:-1, max-image-preview:large, max-video-preview:-1\" \/>\n<link rel=\"canonical\" href=\"https:\/\/qtmm.org\/qt\/poloniyada-umer-adamanovnin-adini-unutmaylar\/\" \/>\n<meta property=\"og:locale\" content=\"en_US\" \/>\n<meta property=\"og:type\" content=\"article\" \/>\n<meta property=\"og:title\" content=\"Poloniyada Umer Adamanovn\u0131\u00f1 ad\u0131n\u0131 unutmaylar - \u041c\u0435\u0434\u0436\u043b\u0456\u0441\" \/>\n<meta property=\"og:description\" content=\"Mart 22 k\u00fcn\u00fc Milliy Meclisni\u00f1 T\u0131\u015fq\u0131 al\u00e2qalar boyunca idareni\u00f1 ba\u015f\u0131 Ali Hamzin ve &#8220;K\u00f6yde\u015fler&#8221; cemaat te\u015fkil\u00e2t\u0131n\u0131\u00f1 yolba\u015f\u00e7\u0131s\u0131 \u0130braim Voyenn\u0131y Poloniyan\u0131\u00f1 Y\u00fczefovo \u015feerinde resmiy ziyaretnen bul\u0131nd\u0131lar. Ziyaret devam\u0131nda q\u0131r\u0131mtatar vekilleri bu sene iy\u00fcl 1 k\u00fcn\u00fc \u00dcmer Adamanovn\u0131\u00f1 hat\u0131ras\u0131na ba\u011f\u0131\u015flan\u0131p \u00f6tkerilecek tedbir programmas\u0131 \u00fczerinde Poloniya ve Litva tatarlar\u0131n\u0131\u00f1 timsalcilerinen muzakereler \u00f6tkerdiler. Ondan \u011fayr\u0131 Bilgoraya \u015feerindeki \u00fclke\u015f\u0131nas m\u00fczeyinde [&hellip;]\" \/>\n<meta property=\"og:url\" content=\"https:\/\/qtmm.org\/qt\/poloniyada-umer-adamanovnin-adini-unutmaylar\/\" \/>\n<meta property=\"og:site_name\" content=\"\u041c\u0435\u0434\u0436\u043b\u0456\u0441\" \/>\n<meta property=\"article:publisher\" content=\"https:\/\/www.facebook.com\/qtmm.info\/\" \/>\n<meta property=\"article:published_time\" content=\"2011-09-22T13:06:00+00:00\" \/>\n<meta property=\"article:modified_time\" content=\"2022-01-18T13:07:33+00:00\" \/>\n<meta name=\"author\" content=\"Developer\" \/>\n<meta name=\"twitter:card\" content=\"summary_large_image\" \/>\n<meta name=\"twitter:label1\" content=\"Written by\" \/>\n\t<meta name=\"twitter:data1\" content=\"Developer\" \/>\n\t<meta name=\"twitter:label2\" content=\"Est. reading time\" \/>\n\t<meta name=\"twitter:data2\" content=\"1 minute\" \/>\n<script type=\"application\/ld+json\" class=\"yoast-schema-graph\">{\"@context\":\"https:\\\/\\\/schema.org\",\"@graph\":[{\"@type\":\"Article\",\"@id\":\"https:\\\/\\\/qtmm.org\\\/qt\\\/poloniyada-umer-adamanovnin-adini-unutmaylar\\\/#article\",\"isPartOf\":{\"@id\":\"https:\\\/\\\/qtmm.org\\\/qt\\\/poloniyada-umer-adamanovnin-adini-unutmaylar\\\/\"},\"author\":{\"name\":\"Developer\",\"@id\":\"https:\\\/\\\/qtmm.org\\\/qt\\\/#\\\/schema\\\/person\\\/de562469f971dec226ac06e60bbf74a7\"},\"headline\":\"Poloniyada Umer Adamanovn\u0131\u00f1 ad\u0131n\u0131 unutmaylar\",\"datePublished\":\"2011-09-22T13:06:00+00:00\",\"dateModified\":\"2022-01-18T13:07:33+00:00\",\"mainEntityOfPage\":{\"@id\":\"https:\\\/\\\/qtmm.org\\\/qt\\\/poloniyada-umer-adamanovnin-adini-unutmaylar\\\/\"},\"wordCount\":248,\"commentCount\":0,\"publisher\":{\"@id\":\"https:\\\/\\\/qtmm.org\\\/qt\\\/#organization\"},\"articleSection\":[\"Haberler\"],\"inLanguage\":\"qt\",\"potentialAction\":[{\"@type\":\"CommentAction\",\"name\":\"Comment\",\"target\":[\"https:\\\/\\\/qtmm.org\\\/qt\\\/poloniyada-umer-adamanovnin-adini-unutmaylar\\\/#respond\"]}]},{\"@type\":\"WebPage\",\"@id\":\"https:\\\/\\\/qtmm.org\\\/qt\\\/poloniyada-umer-adamanovnin-adini-unutmaylar\\\/\",\"url\":\"https:\\\/\\\/qtmm.org\\\/qt\\\/poloniyada-umer-adamanovnin-adini-unutmaylar\\\/\",\"name\":\"Poloniyada Umer Adamanovn\u0131\u00f1 ad\u0131n\u0131 unutmaylar - \u041c\u0435\u0434\u0436\u043b\u0456\u0441\",\"isPartOf\":{\"@id\":\"https:\\\/\\\/qtmm.org\\\/qt\\\/#website\"},\"datePublished\":\"2011-09-22T13:06:00+00:00\",\"dateModified\":\"2022-01-18T13:07:33+00:00\",\"breadcrumb\":{\"@id\":\"https:\\\/\\\/qtmm.org\\\/qt\\\/poloniyada-umer-adamanovnin-adini-unutmaylar\\\/#breadcrumb\"},\"inLanguage\":\"qt\",\"potentialAction\":[{\"@type\":\"ReadAction\",\"target\":[\"https:\\\/\\\/qtmm.org\\\/qt\\\/poloniyada-umer-adamanovnin-adini-unutmaylar\\\/\"]}]},{\"@type\":\"BreadcrumbList\",\"@id\":\"https:\\\/\\\/qtmm.org\\\/qt\\\/poloniyada-umer-adamanovnin-adini-unutmaylar\\\/#breadcrumb\",\"itemListElement\":[{\"@type\":\"ListItem\",\"position\":1,\"name\":\"\u0413\u043e\u043b\u043e\u0432\u043d\u0430\",\"item\":\"https:\\\/\\\/qtmm.org\\\/qt\\\/\"},{\"@type\":\"ListItem\",\"position\":2,\"name\":\"Poloniyada Umer Adamanovn\u0131\u00f1 ad\u0131n\u0131 unutmaylar\"}]},{\"@type\":\"WebSite\",\"@id\":\"https:\\\/\\\/qtmm.org\\\/qt\\\/#website\",\"url\":\"https:\\\/\\\/qtmm.org\\\/qt\\\/\",\"name\":\"\u041c\u0435\u0434\u0436\u043b\u0456\u0441\",\"description\":\"\",\"publisher\":{\"@id\":\"https:\\\/\\\/qtmm.org\\\/qt\\\/#organization\"},\"potentialAction\":[{\"@type\":\"SearchAction\",\"target\":{\"@type\":\"EntryPoint\",\"urlTemplate\":\"https:\\\/\\\/qtmm.org\\\/qt\\\/?s={search_term_string}\"},\"query-input\":{\"@type\":\"PropertyValueSpecification\",\"valueRequired\":true,\"valueName\":\"search_term_string\"}}],\"inLanguage\":\"qt\"},{\"@type\":\"Organization\",\"@id\":\"https:\\\/\\\/qtmm.org\\\/qt\\\/#organization\",\"name\":\"\u041c\u0435\u0434\u0436\u043b\u0456\u0441\",\"url\":\"https:\\\/\\\/qtmm.org\\\/qt\\\/\",\"logo\":{\"@type\":\"ImageObject\",\"inLanguage\":\"qt\",\"@id\":\"https:\\\/\\\/qtmm.org\\\/qt\\\/#\\\/schema\\\/logo\\\/image\\\/\",\"url\":\"https:\\\/\\\/qtmm.org\\\/wp-content\\\/uploads\\\/2024\\\/12\\\/ua-mejlis-logo-rgb.svg\",\"contentUrl\":\"https:\\\/\\\/qtmm.org\\\/wp-content\\\/uploads\\\/2024\\\/12\\\/ua-mejlis-logo-rgb.svg\",\"caption\":\"\u041c\u0435\u0434\u0436\u043b\u0456\u0441\"},\"image\":{\"@id\":\"https:\\\/\\\/qtmm.org\\\/qt\\\/#\\\/schema\\\/logo\\\/image\\\/\"},\"sameAs\":[\"https:\\\/\\\/www.facebook.com\\\/qtmm.info\\\/\"]},{\"@type\":\"Person\",\"@id\":\"https:\\\/\\\/qtmm.org\\\/qt\\\/#\\\/schema\\\/person\\\/de562469f971dec226ac06e60bbf74a7\",\"name\":\"Developer\",\"image\":{\"@type\":\"ImageObject\",\"inLanguage\":\"qt\",\"@id\":\"https:\\\/\\\/secure.gravatar.com\\\/avatar\\\/392b4cc8fbfeb00b39dfeeab4ee6edded39ffd48e25858637e4765810300227e?s=96&d=mm&r=g\",\"url\":\"https:\\\/\\\/secure.gravatar.com\\\/avatar\\\/392b4cc8fbfeb00b39dfeeab4ee6edded39ffd48e25858637e4765810300227e?s=96&d=mm&r=g\",\"contentUrl\":\"https:\\\/\\\/secure.gravatar.com\\\/avatar\\\/392b4cc8fbfeb00b39dfeeab4ee6edded39ffd48e25858637e4765810300227e?s=96&d=mm&r=g\",\"caption\":\"Developer\"},\"url\":\"https:\\\/\\\/qtmm.org\\\/qt\\\/author\\\/Developer\\\/\"}]}<\/script>\n<!-- \/ Yoast SEO plugin. -->","yoast_head_json":{"title":"Poloniyada Umer Adamanovn\u0131\u00f1 ad\u0131n\u0131 unutmaylar - \u041c\u0435\u0434\u0436\u043b\u0456\u0441","robots":{"index":"index","follow":"follow","max-snippet":"max-snippet:-1","max-image-preview":"max-image-preview:large","max-video-preview":"max-video-preview:-1"},"canonical":"https:\/\/qtmm.org\/qt\/poloniyada-umer-adamanovnin-adini-unutmaylar\/","og_locale":"en_US","og_type":"article","og_title":"Poloniyada Umer Adamanovn\u0131\u00f1 ad\u0131n\u0131 unutmaylar - \u041c\u0435\u0434\u0436\u043b\u0456\u0441","og_description":"Mart 22 k\u00fcn\u00fc Milliy Meclisni\u00f1 T\u0131\u015fq\u0131 al\u00e2qalar boyunca idareni\u00f1 ba\u015f\u0131 Ali Hamzin ve &#8220;K\u00f6yde\u015fler&#8221; cemaat te\u015fkil\u00e2t\u0131n\u0131\u00f1 yolba\u015f\u00e7\u0131s\u0131 \u0130braim Voyenn\u0131y Poloniyan\u0131\u00f1 Y\u00fczefovo \u015feerinde resmiy ziyaretnen bul\u0131nd\u0131lar. Ziyaret devam\u0131nda q\u0131r\u0131mtatar vekilleri bu sene iy\u00fcl 1 k\u00fcn\u00fc \u00dcmer Adamanovn\u0131\u00f1 hat\u0131ras\u0131na ba\u011f\u0131\u015flan\u0131p \u00f6tkerilecek tedbir programmas\u0131 \u00fczerinde Poloniya ve Litva tatarlar\u0131n\u0131\u00f1 timsalcilerinen muzakereler \u00f6tkerdiler. Ondan \u011fayr\u0131 Bilgoraya \u015feerindeki \u00fclke\u015f\u0131nas m\u00fczeyinde [&hellip;]","og_url":"https:\/\/qtmm.org\/qt\/poloniyada-umer-adamanovnin-adini-unutmaylar\/","og_site_name":"\u041c\u0435\u0434\u0436\u043b\u0456\u0441","article_publisher":"https:\/\/www.facebook.com\/qtmm.info\/","article_published_time":"2011-09-22T13:06:00+00:00","article_modified_time":"2022-01-18T13:07:33+00:00","author":"Developer","twitter_card":"summary_large_image","twitter_misc":{"Written by":"Developer","Est. reading time":"1 minute"},"schema":{"@context":"https:\/\/schema.org","@graph":[{"@type":"Article","@id":"https:\/\/qtmm.org\/qt\/poloniyada-umer-adamanovnin-adini-unutmaylar\/#article","isPartOf":{"@id":"https:\/\/qtmm.org\/qt\/poloniyada-umer-adamanovnin-adini-unutmaylar\/"},"author":{"name":"Developer","@id":"https:\/\/qtmm.org\/qt\/#\/schema\/person\/de562469f971dec226ac06e60bbf74a7"},"headline":"Poloniyada Umer Adamanovn\u0131\u00f1 ad\u0131n\u0131 unutmaylar","datePublished":"2011-09-22T13:06:00+00:00","dateModified":"2022-01-18T13:07:33+00:00","mainEntityOfPage":{"@id":"https:\/\/qtmm.org\/qt\/poloniyada-umer-adamanovnin-adini-unutmaylar\/"},"wordCount":248,"commentCount":0,"publisher":{"@id":"https:\/\/qtmm.org\/qt\/#organization"},"articleSection":["Haberler"],"inLanguage":"qt","potentialAction":[{"@type":"CommentAction","name":"Comment","target":["https:\/\/qtmm.org\/qt\/poloniyada-umer-adamanovnin-adini-unutmaylar\/#respond"]}]},{"@type":"WebPage","@id":"https:\/\/qtmm.org\/qt\/poloniyada-umer-adamanovnin-adini-unutmaylar\/","url":"https:\/\/qtmm.org\/qt\/poloniyada-umer-adamanovnin-adini-unutmaylar\/","name":"Poloniyada Umer Adamanovn\u0131\u00f1 ad\u0131n\u0131 unutmaylar - \u041c\u0435\u0434\u0436\u043b\u0456\u0441","isPartOf":{"@id":"https:\/\/qtmm.org\/qt\/#website"},"datePublished":"2011-09-22T13:06:00+00:00","dateModified":"2022-01-18T13:07:33+00:00","breadcrumb":{"@id":"https:\/\/qtmm.org\/qt\/poloniyada-umer-adamanovnin-adini-unutmaylar\/#breadcrumb"},"inLanguage":"qt","potentialAction":[{"@type":"ReadAction","target":["https:\/\/qtmm.org\/qt\/poloniyada-umer-adamanovnin-adini-unutmaylar\/"]}]},{"@type":"BreadcrumbList","@id":"https:\/\/qtmm.org\/qt\/poloniyada-umer-adamanovnin-adini-unutmaylar\/#breadcrumb","itemListElement":[{"@type":"ListItem","position":1,"name":"\u0413\u043e\u043b\u043e\u0432\u043d\u0430","item":"https:\/\/qtmm.org\/qt\/"},{"@type":"ListItem","position":2,"name":"Poloniyada Umer Adamanovn\u0131\u00f1 ad\u0131n\u0131 unutmaylar"}]},{"@type":"WebSite","@id":"https:\/\/qtmm.org\/qt\/#website","url":"https:\/\/qtmm.org\/qt\/","name":"\u041c\u0435\u0434\u0436\u043b\u0456\u0441","description":"","publisher":{"@id":"https:\/\/qtmm.org\/qt\/#organization"},"potentialAction":[{"@type":"SearchAction","target":{"@type":"EntryPoint","urlTemplate":"https:\/\/qtmm.org\/qt\/?s={search_term_string}"},"query-input":{"@type":"PropertyValueSpecification","valueRequired":true,"valueName":"search_term_string"}}],"inLanguage":"qt"},{"@type":"Organization","@id":"https:\/\/qtmm.org\/qt\/#organization","name":"\u041c\u0435\u0434\u0436\u043b\u0456\u0441","url":"https:\/\/qtmm.org\/qt\/","logo":{"@type":"ImageObject","inLanguage":"qt","@id":"https:\/\/qtmm.org\/qt\/#\/schema\/logo\/image\/","url":"https:\/\/qtmm.org\/wp-content\/uploads\/2024\/12\/ua-mejlis-logo-rgb.svg","contentUrl":"https:\/\/qtmm.org\/wp-content\/uploads\/2024\/12\/ua-mejlis-logo-rgb.svg","caption":"\u041c\u0435\u0434\u0436\u043b\u0456\u0441"},"image":{"@id":"https:\/\/qtmm.org\/qt\/#\/schema\/logo\/image\/"},"sameAs":["https:\/\/www.facebook.com\/qtmm.info\/"]},{"@type":"Person","@id":"https:\/\/qtmm.org\/qt\/#\/schema\/person\/de562469f971dec226ac06e60bbf74a7","name":"Developer","image":{"@type":"ImageObject","inLanguage":"qt","@id":"https:\/\/secure.gravatar.com\/avatar\/392b4cc8fbfeb00b39dfeeab4ee6edded39ffd48e25858637e4765810300227e?s=96&d=mm&r=g","url":"https:\/\/secure.gravatar.com\/avatar\/392b4cc8fbfeb00b39dfeeab4ee6edded39ffd48e25858637e4765810300227e?s=96&d=mm&r=g","contentUrl":"https:\/\/secure.gravatar.com\/avatar\/392b4cc8fbfeb00b39dfeeab4ee6edded39ffd48e25858637e4765810300227e?s=96&d=mm&r=g","caption":"Developer"},"url":"https:\/\/qtmm.org\/qt\/author\/Developer\/"}]}},"_links":{"self":[{"href":"https:\/\/qtmm.org\/qt\/wp-json\/wp\/v2\/posts\/23456","targetHints":{"allow":["GET"]}}],"collection":[{"href":"https:\/\/qtmm.org\/qt\/wp-json\/wp\/v2\/posts"}],"about":[{"href":"https:\/\/qtmm.org\/qt\/wp-json\/wp\/v2\/types\/post"}],"author":[{"embeddable":true,"href":"https:\/\/qtmm.org\/qt\/wp-json\/wp\/v2\/users\/1"}],"replies":[{"embeddable":true,"href":"https:\/\/qtmm.org\/qt\/wp-json\/wp\/v2\/comments?post=23456"}],"version-history":[{"count":1,"href":"https:\/\/qtmm.org\/qt\/wp-json\/wp\/v2\/posts\/23456\/revisions"}],"predecessor-version":[{"id":23457,"href":"https:\/\/qtmm.org\/qt\/wp-json\/wp\/v2\/posts\/23456\/revisions\/23457"}],"wp:attachment":[{"href":"https:\/\/qtmm.org\/qt\/wp-json\/wp\/v2\/media?parent=23456"}],"wp:term":[{"taxonomy":"category","embeddable":true,"href":"https:\/\/qtmm.org\/qt\/wp-json\/wp\/v2\/categories?post=23456"},{"taxonomy":"post_tag","embeddable":true,"href":"https:\/\/qtmm.org\/qt\/wp-json\/wp\/v2\/tags?post=23456"}],"curies":[{"name":"wp","href":"https:\/\/api.w.org\/{rel}","templated":true}]}}