




{"id":23454,"date":"2011-09-21T16:05:00","date_gmt":"2011-09-21T13:05:00","guid":{"rendered":"http:\/\/qtmm.org\/?p=23454"},"modified":"2022-01-18T16:06:34","modified_gmt":"2022-01-18T13:06:34","slug":"milliy-meclisnin-mart-21-kunu-olip-kecken-toplasuvi","status":"publish","type":"post","link":"https:\/\/qtmm.org\/qt\/milliy-meclisnin-mart-21-kunu-olip-kecken-toplasuvi\/","title":{"rendered":"Milliy Meclisni\u00f1 mart 21 k\u00fcn\u00fc ol\u0131p ke\u00e7ken topla\u015fuv\u0131"},"content":{"rendered":"\n<p>Mart 21 k\u00fcn\u00fc Milliy Meclisni\u00f1 nevbetteki topla\u015fuv\u0131 ol\u0131p ke\u00e7ti. Topla\u015fuvn\u0131\u00f1 k\u00fcn tertibine q\u0131r\u0131mtatar halq\u0131n\u0131\u00f1 Q\u0131r\u0131mdan s\u00fcrg\u00fcn etilgenini\u00f1 67 y\u0131ll\u0131\u011f\u0131nen ba\u011fl\u0131 hat\u0131ra tedbirlerini\u00f1 az\u0131rlan\u0131luv\u0131 ve \u00f6tkerilmesi, anna tilimizni\u00f1 tiklen\u00fcvi, Alu\u015fta ve Sudaq regionlar\u0131ndaki yerli ve regional meclislerni\u00f1 faaliyetine dair meseleler kirsetildi.<\/p>\n\n\n\n<p>Milliy Meclisni\u00f1 topla\u015fuv\u0131nda q\u0131r\u0131mtatar halq\u0131 Qurultay\u0131 Tefti\u015f komissiyas\u0131n\u0131\u00f1 azalar\u0131, &#8220;Qurultay-Ruh&#8221; fraktsiyas\u0131n\u0131\u00f1 azalar\u0131, matbuat vastalar\u0131n\u0131\u00f1 vekilleri i\u015ftirak ettiler.<\/p>\n\n\n\n<p>Q\u0131r\u0131mtatar halq\u0131n\u0131\u00f1 Q\u0131r\u0131mdan s\u00fcrg\u00fcn etilgenini\u00f1 67 y\u0131ll\u0131\u011f\u0131nen ba\u011fl\u0131 hat\u0131ra tedbirlerini az\u0131rlamaq ve \u00f6tkermek maqsad\u0131nen Milliy Meclis reisi Mustafa Cemilevni\u00f1 reisliginde Te\u015fkiliy komitet meydan\u011fa ketirildi ve on\u0131\u00f1 erk\u00e2n\u0131 tasdiqland\u0131.<\/p>\n\n\n\n<p>Te\u015fkiliy komitetke aprel 1-ge qadar tedbirlerni\u00f1 cedvelini tizip, Mecliske taqdim etmek avale etildi. \u015eu munasebet ile, Te\u015fkiliy komitet q\u0131r\u0131mtatar cemaat ve siyasiy te\u015fkil\u00e2tlarnen ba\u011flan\u0131p, olarn\u0131\u00f1 tefsiyelerini k\u00f6z \u00f6g\u00fcne almas\u0131 \u015fart.<\/p>\n\n\n\n<p>Milliy Meclisni\u00f1 topla\u015fuv\u0131nda evel qabul olun\u011fan umummilliy &#8220;Ana tili o\u011frunda k\u00fcre\u015f!&#8221; programmas\u0131n\u0131 amelge ke\u00e7ir\u00fcv yollar\u0131 muzakere etildi ve bu i\u015fnen o\u011fra\u015facaq Komissiyan\u0131\u00f1 erk\u00e2n\u0131 tasdiqland\u0131. Mezk\u00fcr komissiyan\u0131\u00f1 reisi olaraq Milliy Meclis reisini\u00f1 muavini R.\u0130lyasov tayinlendi.<br>&#8220;Suvda\u011f region\u0131nda ya\u015fa\u011fan q\u0131r\u0131mtatarlarn\u0131\u00f1 regional konferentsiyas\u0131&#8221; meselesi boyunca yerli meclisler saylavlar\u0131n\u0131 az\u0131rlav ve \u00f6tker\u00fcv Komissiyas\u0131n\u0131\u00f1 k\u00e2tibi Z.Smedl\u00e2yev \u00e7\u0131q\u0131\u015fta bulund\u0131.<\/p>\n\n\n\n<p>Yerli meclis saylavlar\u0131n\u0131\u00f1 neticelerini \u00f6grengen Meclis azalar\u0131 aprel 9 k\u00fcn\u00fc Suvda\u011f region\u0131nda konferentsiya ke\u00e7irip, regional meclisni ve on\u0131\u00f1 reisini tasdiqlamaq qarar\u0131n\u0131 qabul ettiler.<\/p>\n\n\n\n<p>2010 senesi okt\u00e2br 31 k\u00fcn\u00fc \u00f6tkerilgen saylavda baz\u0131 yerli meclisler ve olarn\u0131\u00f1 reislerini\u00f1 faaliyetlerini muzakere et\u00fcv meselesi topla\u015fuvda q\u0131z\u011f\u0131n munaqa\u015falar do\u011furd\u0131.<\/p>\n\n\n\n<p>Meclis azalar\u0131 ve davet etilgen adamlarn\u0131\u00f1, bun\u0131\u00f1le beraber Alu\u015fta \u015feer ve Alu\u015fta regional meclis azalar\u0131n\u0131\u00f1 \u00e7oqtan-\u00e7oq \u00e7\u0131q\u0131\u015flar\u0131ndan so\u00f1, K\u00f6rbek\u00fcl ve B\u00fcy\u00fck Lampat k\u00f6y meclislerini\u00f1 ve Alu\u015fta \u015feer meclisini\u00f1 faaliyetini m\u00fcddetten evel toqtatmaq qarar\u0131 qabul etildi.<\/p>\n\n\n\n<p>Bun\u0131\u00f1le beraber, Milliy Meclis yerli meclislerge saylavlarn\u0131 az\u0131rlav ve ke\u00e7ir\u00fcv boyunca Komissiya\u011fa K\u00f6rbek\u00fcl ve B\u00fcy\u00fck Lampat k\u00f6y meclisleri em de Alu\u015fta \u015feer meclisine saylavlarn\u0131 az\u0131rlav ve \u00f6tker\u00fcv boyunca yerli territorial komissiyan\u0131 tizmege kiri\u015fmek avale etildi.<\/p>\n\n\n\n<p>Meclis Prezidium\u0131na nevbetteki topl\u015fuv\u011fa Qurultayda qabul olun\u011fan qararlar\u011fa qar\u015f\u0131 \u00e7\u0131qqan Alu\u015fta region\u0131n\u0131\u00f1 ayr\u0131 yerli meclis azalar\u0131n\u0131\u00f1 status\u0131 meselesini k\u00fcn tertibine \u00e7\u0131qarmaq avale etildi.<\/p>\n","protected":false},"excerpt":{"rendered":"<p>Mart 21 k\u00fcn\u00fc Milliy Meclisni\u00f1 nevbetteki topla\u015fuv\u0131 ol\u0131p ke\u00e7ti. Topla\u015fuvn\u0131\u00f1 k\u00fcn tertibine q\u0131r\u0131mtatar halq\u0131n\u0131\u00f1 Q\u0131r\u0131mdan s\u00fcrg\u00fcn etilgenini\u00f1 67 y\u0131ll\u0131\u011f\u0131nen ba\u011fl\u0131 hat\u0131ra tedbirlerini\u00f1 az\u0131rlan\u0131luv\u0131 ve \u00f6tkerilmesi, anna tilimizni\u00f1 tiklen\u00fcvi, Alu\u015fta ve Sudaq regionlar\u0131ndaki yerli ve regional meclislerni\u00f1 faaliyetine dair meseleler kirsetildi. Milliy Meclisni\u00f1 topla\u015fuv\u0131nda q\u0131r\u0131mtatar halq\u0131 Qurultay\u0131 Tefti\u015f komissiyas\u0131n\u0131\u00f1 azalar\u0131, &#8220;Qurultay-Ruh&#8221; fraktsiyas\u0131n\u0131\u00f1 azalar\u0131, matbuat vastalar\u0131n\u0131\u00f1 vekilleri [&hellip;]<\/p>\n","protected":false},"author":1,"featured_media":0,"comment_status":"open","ping_status":"open","sticky":false,"template":"","format":"standard","meta":{"inline_featured_image":false,"footnotes":""},"categories":[265],"tags":[],"class_list":["post-23454","post","type-post","status-publish","format-standard","hentry","category-haberler"],"acf":[],"yoast_head":"<!-- This site is optimized with the Yoast SEO plugin v27.4 - https:\/\/yoast.com\/product\/yoast-seo-wordpress\/ -->\n<title>Milliy Meclisni\u00f1 mart 21 k\u00fcn\u00fc ol\u0131p ke\u00e7ken topla\u015fuv\u0131 - \u041c\u0435\u0434\u0436\u043b\u0456\u0441<\/title>\n<meta name=\"robots\" content=\"index, follow, max-snippet:-1, max-image-preview:large, max-video-preview:-1\" \/>\n<link rel=\"canonical\" href=\"https:\/\/qtmm.org\/qt\/milliy-meclisnin-mart-21-kunu-olip-kecken-toplasuvi\/\" \/>\n<meta property=\"og:locale\" content=\"en_US\" \/>\n<meta property=\"og:type\" content=\"article\" \/>\n<meta property=\"og:title\" content=\"Milliy Meclisni\u00f1 mart 21 k\u00fcn\u00fc ol\u0131p ke\u00e7ken topla\u015fuv\u0131 - \u041c\u0435\u0434\u0436\u043b\u0456\u0441\" \/>\n<meta property=\"og:description\" content=\"Mart 21 k\u00fcn\u00fc Milliy Meclisni\u00f1 nevbetteki topla\u015fuv\u0131 ol\u0131p ke\u00e7ti. Topla\u015fuvn\u0131\u00f1 k\u00fcn tertibine q\u0131r\u0131mtatar halq\u0131n\u0131\u00f1 Q\u0131r\u0131mdan s\u00fcrg\u00fcn etilgenini\u00f1 67 y\u0131ll\u0131\u011f\u0131nen ba\u011fl\u0131 hat\u0131ra tedbirlerini\u00f1 az\u0131rlan\u0131luv\u0131 ve \u00f6tkerilmesi, anna tilimizni\u00f1 tiklen\u00fcvi, Alu\u015fta ve Sudaq regionlar\u0131ndaki yerli ve regional meclislerni\u00f1 faaliyetine dair meseleler kirsetildi. Milliy Meclisni\u00f1 topla\u015fuv\u0131nda q\u0131r\u0131mtatar halq\u0131 Qurultay\u0131 Tefti\u015f komissiyas\u0131n\u0131\u00f1 azalar\u0131, &#8220;Qurultay-Ruh&#8221; fraktsiyas\u0131n\u0131\u00f1 azalar\u0131, matbuat vastalar\u0131n\u0131\u00f1 vekilleri [&hellip;]\" \/>\n<meta property=\"og:url\" content=\"https:\/\/qtmm.org\/qt\/milliy-meclisnin-mart-21-kunu-olip-kecken-toplasuvi\/\" \/>\n<meta property=\"og:site_name\" content=\"\u041c\u0435\u0434\u0436\u043b\u0456\u0441\" \/>\n<meta property=\"article:publisher\" content=\"https:\/\/www.facebook.com\/qtmm.info\/\" \/>\n<meta property=\"article:published_time\" content=\"2011-09-21T13:05:00+00:00\" \/>\n<meta property=\"article:modified_time\" content=\"2022-01-18T13:06:34+00:00\" \/>\n<meta name=\"author\" content=\"Developer\" \/>\n<meta name=\"twitter:card\" content=\"summary_large_image\" \/>\n<meta name=\"twitter:label1\" content=\"Written by\" \/>\n\t<meta name=\"twitter:data1\" content=\"Developer\" \/>\n\t<meta name=\"twitter:label2\" content=\"Est. reading time\" \/>\n\t<meta name=\"twitter:data2\" content=\"2 minutes\" \/>\n<script type=\"application\/ld+json\" class=\"yoast-schema-graph\">{\"@context\":\"https:\\\/\\\/schema.org\",\"@graph\":[{\"@type\":\"Article\",\"@id\":\"https:\\\/\\\/qtmm.org\\\/qt\\\/milliy-meclisnin-mart-21-kunu-olip-kecken-toplasuvi\\\/#article\",\"isPartOf\":{\"@id\":\"https:\\\/\\\/qtmm.org\\\/qt\\\/milliy-meclisnin-mart-21-kunu-olip-kecken-toplasuvi\\\/\"},\"author\":{\"name\":\"Developer\",\"@id\":\"https:\\\/\\\/qtmm.org\\\/qt\\\/#\\\/schema\\\/person\\\/de562469f971dec226ac06e60bbf74a7\"},\"headline\":\"Milliy Meclisni\u00f1 mart 21 k\u00fcn\u00fc ol\u0131p ke\u00e7ken topla\u015fuv\u0131\",\"datePublished\":\"2011-09-21T13:05:00+00:00\",\"dateModified\":\"2022-01-18T13:06:34+00:00\",\"mainEntityOfPage\":{\"@id\":\"https:\\\/\\\/qtmm.org\\\/qt\\\/milliy-meclisnin-mart-21-kunu-olip-kecken-toplasuvi\\\/\"},\"wordCount\":443,\"commentCount\":0,\"publisher\":{\"@id\":\"https:\\\/\\\/qtmm.org\\\/qt\\\/#organization\"},\"articleSection\":[\"Haberler\"],\"inLanguage\":\"qt\",\"potentialAction\":[{\"@type\":\"CommentAction\",\"name\":\"Comment\",\"target\":[\"https:\\\/\\\/qtmm.org\\\/qt\\\/milliy-meclisnin-mart-21-kunu-olip-kecken-toplasuvi\\\/#respond\"]}]},{\"@type\":\"WebPage\",\"@id\":\"https:\\\/\\\/qtmm.org\\\/qt\\\/milliy-meclisnin-mart-21-kunu-olip-kecken-toplasuvi\\\/\",\"url\":\"https:\\\/\\\/qtmm.org\\\/qt\\\/milliy-meclisnin-mart-21-kunu-olip-kecken-toplasuvi\\\/\",\"name\":\"Milliy Meclisni\u00f1 mart 21 k\u00fcn\u00fc ol\u0131p ke\u00e7ken topla\u015fuv\u0131 - \u041c\u0435\u0434\u0436\u043b\u0456\u0441\",\"isPartOf\":{\"@id\":\"https:\\\/\\\/qtmm.org\\\/qt\\\/#website\"},\"datePublished\":\"2011-09-21T13:05:00+00:00\",\"dateModified\":\"2022-01-18T13:06:34+00:00\",\"breadcrumb\":{\"@id\":\"https:\\\/\\\/qtmm.org\\\/qt\\\/milliy-meclisnin-mart-21-kunu-olip-kecken-toplasuvi\\\/#breadcrumb\"},\"inLanguage\":\"qt\",\"potentialAction\":[{\"@type\":\"ReadAction\",\"target\":[\"https:\\\/\\\/qtmm.org\\\/qt\\\/milliy-meclisnin-mart-21-kunu-olip-kecken-toplasuvi\\\/\"]}]},{\"@type\":\"BreadcrumbList\",\"@id\":\"https:\\\/\\\/qtmm.org\\\/qt\\\/milliy-meclisnin-mart-21-kunu-olip-kecken-toplasuvi\\\/#breadcrumb\",\"itemListElement\":[{\"@type\":\"ListItem\",\"position\":1,\"name\":\"\u0413\u043e\u043b\u043e\u0432\u043d\u0430\",\"item\":\"https:\\\/\\\/qtmm.org\\\/qt\\\/\"},{\"@type\":\"ListItem\",\"position\":2,\"name\":\"Milliy Meclisni\u00f1 mart 21 k\u00fcn\u00fc ol\u0131p ke\u00e7ken topla\u015fuv\u0131\"}]},{\"@type\":\"WebSite\",\"@id\":\"https:\\\/\\\/qtmm.org\\\/qt\\\/#website\",\"url\":\"https:\\\/\\\/qtmm.org\\\/qt\\\/\",\"name\":\"\u041c\u0435\u0434\u0436\u043b\u0456\u0441\",\"description\":\"\",\"publisher\":{\"@id\":\"https:\\\/\\\/qtmm.org\\\/qt\\\/#organization\"},\"potentialAction\":[{\"@type\":\"SearchAction\",\"target\":{\"@type\":\"EntryPoint\",\"urlTemplate\":\"https:\\\/\\\/qtmm.org\\\/qt\\\/?s={search_term_string}\"},\"query-input\":{\"@type\":\"PropertyValueSpecification\",\"valueRequired\":true,\"valueName\":\"search_term_string\"}}],\"inLanguage\":\"qt\"},{\"@type\":\"Organization\",\"@id\":\"https:\\\/\\\/qtmm.org\\\/qt\\\/#organization\",\"name\":\"\u041c\u0435\u0434\u0436\u043b\u0456\u0441\",\"url\":\"https:\\\/\\\/qtmm.org\\\/qt\\\/\",\"logo\":{\"@type\":\"ImageObject\",\"inLanguage\":\"qt\",\"@id\":\"https:\\\/\\\/qtmm.org\\\/qt\\\/#\\\/schema\\\/logo\\\/image\\\/\",\"url\":\"https:\\\/\\\/qtmm.org\\\/wp-content\\\/uploads\\\/2024\\\/12\\\/ua-mejlis-logo-rgb.svg\",\"contentUrl\":\"https:\\\/\\\/qtmm.org\\\/wp-content\\\/uploads\\\/2024\\\/12\\\/ua-mejlis-logo-rgb.svg\",\"caption\":\"\u041c\u0435\u0434\u0436\u043b\u0456\u0441\"},\"image\":{\"@id\":\"https:\\\/\\\/qtmm.org\\\/qt\\\/#\\\/schema\\\/logo\\\/image\\\/\"},\"sameAs\":[\"https:\\\/\\\/www.facebook.com\\\/qtmm.info\\\/\"]},{\"@type\":\"Person\",\"@id\":\"https:\\\/\\\/qtmm.org\\\/qt\\\/#\\\/schema\\\/person\\\/de562469f971dec226ac06e60bbf74a7\",\"name\":\"Developer\",\"image\":{\"@type\":\"ImageObject\",\"inLanguage\":\"qt\",\"@id\":\"https:\\\/\\\/secure.gravatar.com\\\/avatar\\\/392b4cc8fbfeb00b39dfeeab4ee6edded39ffd48e25858637e4765810300227e?s=96&d=mm&r=g\",\"url\":\"https:\\\/\\\/secure.gravatar.com\\\/avatar\\\/392b4cc8fbfeb00b39dfeeab4ee6edded39ffd48e25858637e4765810300227e?s=96&d=mm&r=g\",\"contentUrl\":\"https:\\\/\\\/secure.gravatar.com\\\/avatar\\\/392b4cc8fbfeb00b39dfeeab4ee6edded39ffd48e25858637e4765810300227e?s=96&d=mm&r=g\",\"caption\":\"Developer\"},\"url\":\"https:\\\/\\\/qtmm.org\\\/qt\\\/author\\\/Developer\\\/\"}]}<\/script>\n<!-- \/ Yoast SEO plugin. -->","yoast_head_json":{"title":"Milliy Meclisni\u00f1 mart 21 k\u00fcn\u00fc ol\u0131p ke\u00e7ken topla\u015fuv\u0131 - \u041c\u0435\u0434\u0436\u043b\u0456\u0441","robots":{"index":"index","follow":"follow","max-snippet":"max-snippet:-1","max-image-preview":"max-image-preview:large","max-video-preview":"max-video-preview:-1"},"canonical":"https:\/\/qtmm.org\/qt\/milliy-meclisnin-mart-21-kunu-olip-kecken-toplasuvi\/","og_locale":"en_US","og_type":"article","og_title":"Milliy Meclisni\u00f1 mart 21 k\u00fcn\u00fc ol\u0131p ke\u00e7ken topla\u015fuv\u0131 - \u041c\u0435\u0434\u0436\u043b\u0456\u0441","og_description":"Mart 21 k\u00fcn\u00fc Milliy Meclisni\u00f1 nevbetteki topla\u015fuv\u0131 ol\u0131p ke\u00e7ti. Topla\u015fuvn\u0131\u00f1 k\u00fcn tertibine q\u0131r\u0131mtatar halq\u0131n\u0131\u00f1 Q\u0131r\u0131mdan s\u00fcrg\u00fcn etilgenini\u00f1 67 y\u0131ll\u0131\u011f\u0131nen ba\u011fl\u0131 hat\u0131ra tedbirlerini\u00f1 az\u0131rlan\u0131luv\u0131 ve \u00f6tkerilmesi, anna tilimizni\u00f1 tiklen\u00fcvi, Alu\u015fta ve Sudaq regionlar\u0131ndaki yerli ve regional meclislerni\u00f1 faaliyetine dair meseleler kirsetildi. Milliy Meclisni\u00f1 topla\u015fuv\u0131nda q\u0131r\u0131mtatar halq\u0131 Qurultay\u0131 Tefti\u015f komissiyas\u0131n\u0131\u00f1 azalar\u0131, &#8220;Qurultay-Ruh&#8221; fraktsiyas\u0131n\u0131\u00f1 azalar\u0131, matbuat vastalar\u0131n\u0131\u00f1 vekilleri [&hellip;]","og_url":"https:\/\/qtmm.org\/qt\/milliy-meclisnin-mart-21-kunu-olip-kecken-toplasuvi\/","og_site_name":"\u041c\u0435\u0434\u0436\u043b\u0456\u0441","article_publisher":"https:\/\/www.facebook.com\/qtmm.info\/","article_published_time":"2011-09-21T13:05:00+00:00","article_modified_time":"2022-01-18T13:06:34+00:00","author":"Developer","twitter_card":"summary_large_image","twitter_misc":{"Written by":"Developer","Est. reading time":"2 minutes"},"schema":{"@context":"https:\/\/schema.org","@graph":[{"@type":"Article","@id":"https:\/\/qtmm.org\/qt\/milliy-meclisnin-mart-21-kunu-olip-kecken-toplasuvi\/#article","isPartOf":{"@id":"https:\/\/qtmm.org\/qt\/milliy-meclisnin-mart-21-kunu-olip-kecken-toplasuvi\/"},"author":{"name":"Developer","@id":"https:\/\/qtmm.org\/qt\/#\/schema\/person\/de562469f971dec226ac06e60bbf74a7"},"headline":"Milliy Meclisni\u00f1 mart 21 k\u00fcn\u00fc ol\u0131p ke\u00e7ken topla\u015fuv\u0131","datePublished":"2011-09-21T13:05:00+00:00","dateModified":"2022-01-18T13:06:34+00:00","mainEntityOfPage":{"@id":"https:\/\/qtmm.org\/qt\/milliy-meclisnin-mart-21-kunu-olip-kecken-toplasuvi\/"},"wordCount":443,"commentCount":0,"publisher":{"@id":"https:\/\/qtmm.org\/qt\/#organization"},"articleSection":["Haberler"],"inLanguage":"qt","potentialAction":[{"@type":"CommentAction","name":"Comment","target":["https:\/\/qtmm.org\/qt\/milliy-meclisnin-mart-21-kunu-olip-kecken-toplasuvi\/#respond"]}]},{"@type":"WebPage","@id":"https:\/\/qtmm.org\/qt\/milliy-meclisnin-mart-21-kunu-olip-kecken-toplasuvi\/","url":"https:\/\/qtmm.org\/qt\/milliy-meclisnin-mart-21-kunu-olip-kecken-toplasuvi\/","name":"Milliy Meclisni\u00f1 mart 21 k\u00fcn\u00fc ol\u0131p ke\u00e7ken topla\u015fuv\u0131 - \u041c\u0435\u0434\u0436\u043b\u0456\u0441","isPartOf":{"@id":"https:\/\/qtmm.org\/qt\/#website"},"datePublished":"2011-09-21T13:05:00+00:00","dateModified":"2022-01-18T13:06:34+00:00","breadcrumb":{"@id":"https:\/\/qtmm.org\/qt\/milliy-meclisnin-mart-21-kunu-olip-kecken-toplasuvi\/#breadcrumb"},"inLanguage":"qt","potentialAction":[{"@type":"ReadAction","target":["https:\/\/qtmm.org\/qt\/milliy-meclisnin-mart-21-kunu-olip-kecken-toplasuvi\/"]}]},{"@type":"BreadcrumbList","@id":"https:\/\/qtmm.org\/qt\/milliy-meclisnin-mart-21-kunu-olip-kecken-toplasuvi\/#breadcrumb","itemListElement":[{"@type":"ListItem","position":1,"name":"\u0413\u043e\u043b\u043e\u0432\u043d\u0430","item":"https:\/\/qtmm.org\/qt\/"},{"@type":"ListItem","position":2,"name":"Milliy Meclisni\u00f1 mart 21 k\u00fcn\u00fc ol\u0131p ke\u00e7ken topla\u015fuv\u0131"}]},{"@type":"WebSite","@id":"https:\/\/qtmm.org\/qt\/#website","url":"https:\/\/qtmm.org\/qt\/","name":"\u041c\u0435\u0434\u0436\u043b\u0456\u0441","description":"","publisher":{"@id":"https:\/\/qtmm.org\/qt\/#organization"},"potentialAction":[{"@type":"SearchAction","target":{"@type":"EntryPoint","urlTemplate":"https:\/\/qtmm.org\/qt\/?s={search_term_string}"},"query-input":{"@type":"PropertyValueSpecification","valueRequired":true,"valueName":"search_term_string"}}],"inLanguage":"qt"},{"@type":"Organization","@id":"https:\/\/qtmm.org\/qt\/#organization","name":"\u041c\u0435\u0434\u0436\u043b\u0456\u0441","url":"https:\/\/qtmm.org\/qt\/","logo":{"@type":"ImageObject","inLanguage":"qt","@id":"https:\/\/qtmm.org\/qt\/#\/schema\/logo\/image\/","url":"https:\/\/qtmm.org\/wp-content\/uploads\/2024\/12\/ua-mejlis-logo-rgb.svg","contentUrl":"https:\/\/qtmm.org\/wp-content\/uploads\/2024\/12\/ua-mejlis-logo-rgb.svg","caption":"\u041c\u0435\u0434\u0436\u043b\u0456\u0441"},"image":{"@id":"https:\/\/qtmm.org\/qt\/#\/schema\/logo\/image\/"},"sameAs":["https:\/\/www.facebook.com\/qtmm.info\/"]},{"@type":"Person","@id":"https:\/\/qtmm.org\/qt\/#\/schema\/person\/de562469f971dec226ac06e60bbf74a7","name":"Developer","image":{"@type":"ImageObject","inLanguage":"qt","@id":"https:\/\/secure.gravatar.com\/avatar\/392b4cc8fbfeb00b39dfeeab4ee6edded39ffd48e25858637e4765810300227e?s=96&d=mm&r=g","url":"https:\/\/secure.gravatar.com\/avatar\/392b4cc8fbfeb00b39dfeeab4ee6edded39ffd48e25858637e4765810300227e?s=96&d=mm&r=g","contentUrl":"https:\/\/secure.gravatar.com\/avatar\/392b4cc8fbfeb00b39dfeeab4ee6edded39ffd48e25858637e4765810300227e?s=96&d=mm&r=g","caption":"Developer"},"url":"https:\/\/qtmm.org\/qt\/author\/Developer\/"}]}},"_links":{"self":[{"href":"https:\/\/qtmm.org\/qt\/wp-json\/wp\/v2\/posts\/23454","targetHints":{"allow":["GET"]}}],"collection":[{"href":"https:\/\/qtmm.org\/qt\/wp-json\/wp\/v2\/posts"}],"about":[{"href":"https:\/\/qtmm.org\/qt\/wp-json\/wp\/v2\/types\/post"}],"author":[{"embeddable":true,"href":"https:\/\/qtmm.org\/qt\/wp-json\/wp\/v2\/users\/1"}],"replies":[{"embeddable":true,"href":"https:\/\/qtmm.org\/qt\/wp-json\/wp\/v2\/comments?post=23454"}],"version-history":[{"count":1,"href":"https:\/\/qtmm.org\/qt\/wp-json\/wp\/v2\/posts\/23454\/revisions"}],"predecessor-version":[{"id":23455,"href":"https:\/\/qtmm.org\/qt\/wp-json\/wp\/v2\/posts\/23454\/revisions\/23455"}],"wp:attachment":[{"href":"https:\/\/qtmm.org\/qt\/wp-json\/wp\/v2\/media?parent=23454"}],"wp:term":[{"taxonomy":"category","embeddable":true,"href":"https:\/\/qtmm.org\/qt\/wp-json\/wp\/v2\/categories?post=23454"},{"taxonomy":"post_tag","embeddable":true,"href":"https:\/\/qtmm.org\/qt\/wp-json\/wp\/v2\/tags?post=23454"}],"curies":[{"name":"wp","href":"https:\/\/api.w.org\/{rel}","templated":true}]}}