




{"id":23452,"date":"2011-09-21T16:04:00","date_gmt":"2011-09-21T13:04:00","guid":{"rendered":"http:\/\/qtmm.org\/?p=23452"},"modified":"2022-01-18T16:05:25","modified_gmt":"2022-01-18T13:05:25","slug":"qirimtatar-cemaat-ve-siyasiy-teskilatlarinin-yolbascilari-icun","status":"publish","type":"post","link":"https:\/\/qtmm.org\/qt\/qirimtatar-cemaat-ve-siyasiy-teskilatlarinin-yolbascilari-icun\/","title":{"rendered":"Q\u0131r\u0131mtatar cemaat ve siyasiy te\u015fkil\u00e2tlar\u0131n\u0131\u00f1 yolba\u015f\u00e7\u0131lar\u0131 i\u00e7\u00fcn"},"content":{"rendered":"\n<p>Mart 21 k\u00fcn\u00fc Milliy Meclisni\u00f1 topla\u015fuv\u0131nda q\u0131r\u0131mtatar halq\u0131n\u0131\u00f1 genotsidi qurbanlar\u0131n\u0131\u00f1 hat\u0131ras\u0131na ba\u011f\u0131\u015flan\u011fan memorial tedbirlerine az\u0131rlanuv ve ke\u00e7ir\u00fcv boyunca Te\u015fkiliy komitet \u015fekillendirildi.<\/p>\n\n\n\n<p>\u00d6tkerilecek memorial tedbirlerni\u00f1 plan\u0131na \u00f6z i\u015ftiragini\u00f1 derecesini bildirmek i\u00e7\u00fcn \u00f6z teklifleri\u00f1izni tafsil\u00e2tl\u0131ca yaz\u0131lma \u015fekilde Milliy Meclisni\u00f1 K\u00e2tibat\u0131na bu ares boyunca yollama\u011fa rica etemiz:<\/p>\n\n\n\n<p>95000, Aqmescit \u015feeri, \u015emidta soqa\u011f\u0131 2 ya da elektron adres:&nbsp;zair62@ukr.net<br>Mal\u00fcmat i\u00e7\u00fcn telefon (0652) 27-21-10,<\/p>\n\n\n\n<p><em>\u00dcrmet ile<br>q\u0131r\u0131mtatar halq\u0131n\u0131\u00f1 genotsidi qurbanlar\u0131n\u0131\u00f1 hat\u0131ras\u0131na ba\u011f\u0131\u015flan\u011fan memorial tedbirlerine az\u0131rlanuv ve ke\u00e7ir\u00fcv boyunca Te\u015fkiliy komitetni\u00f1 k\u00e2tibi<br>Zair Smedl\u00e2yev<\/em><\/p>\n","protected":false},"excerpt":{"rendered":"<p>Mart 21 k\u00fcn\u00fc Milliy Meclisni\u00f1 topla\u015fuv\u0131nda q\u0131r\u0131mtatar halq\u0131n\u0131\u00f1 genotsidi qurbanlar\u0131n\u0131\u00f1 hat\u0131ras\u0131na ba\u011f\u0131\u015flan\u011fan memorial tedbirlerine az\u0131rlanuv ve ke\u00e7ir\u00fcv boyunca Te\u015fkiliy komitet \u015fekillendirildi. \u00d6tkerilecek memorial tedbirlerni\u00f1 plan\u0131na \u00f6z i\u015ftiragini\u00f1 derecesini bildirmek i\u00e7\u00fcn \u00f6z teklifleri\u00f1izni tafsil\u00e2tl\u0131ca yaz\u0131lma \u015fekilde Milliy Meclisni\u00f1 K\u00e2tibat\u0131na bu ares boyunca yollama\u011fa rica etemiz: 95000, Aqmescit \u015feeri, \u015emidta soqa\u011f\u0131 2 ya da elektron adres:&nbsp;zair62@ukr.netMal\u00fcmat i\u00e7\u00fcn [&hellip;]<\/p>\n","protected":false},"author":1,"featured_media":0,"comment_status":"open","ping_status":"open","sticky":false,"template":"","format":"standard","meta":{"inline_featured_image":false,"footnotes":""},"categories":[265],"tags":[],"class_list":["post-23452","post","type-post","status-publish","format-standard","hentry","category-haberler"],"acf":[],"yoast_head":"<!-- This site is optimized with the Yoast SEO plugin v27.4 - https:\/\/yoast.com\/product\/yoast-seo-wordpress\/ -->\n<title>Q\u0131r\u0131mtatar cemaat ve siyasiy te\u015fkil\u00e2tlar\u0131n\u0131\u00f1 yolba\u015f\u00e7\u0131lar\u0131 i\u00e7\u00fcn - \u041c\u0435\u0434\u0436\u043b\u0456\u0441<\/title>\n<meta name=\"robots\" content=\"index, follow, max-snippet:-1, max-image-preview:large, max-video-preview:-1\" \/>\n<link rel=\"canonical\" href=\"https:\/\/qtmm.org\/qt\/qirimtatar-cemaat-ve-siyasiy-teskilatlarinin-yolbascilari-icun\/\" \/>\n<meta property=\"og:locale\" content=\"en_US\" \/>\n<meta property=\"og:type\" content=\"article\" \/>\n<meta property=\"og:title\" content=\"Q\u0131r\u0131mtatar cemaat ve siyasiy te\u015fkil\u00e2tlar\u0131n\u0131\u00f1 yolba\u015f\u00e7\u0131lar\u0131 i\u00e7\u00fcn - \u041c\u0435\u0434\u0436\u043b\u0456\u0441\" \/>\n<meta property=\"og:description\" content=\"Mart 21 k\u00fcn\u00fc Milliy Meclisni\u00f1 topla\u015fuv\u0131nda q\u0131r\u0131mtatar halq\u0131n\u0131\u00f1 genotsidi qurbanlar\u0131n\u0131\u00f1 hat\u0131ras\u0131na ba\u011f\u0131\u015flan\u011fan memorial tedbirlerine az\u0131rlanuv ve ke\u00e7ir\u00fcv boyunca Te\u015fkiliy komitet \u015fekillendirildi. \u00d6tkerilecek memorial tedbirlerni\u00f1 plan\u0131na \u00f6z i\u015ftiragini\u00f1 derecesini bildirmek i\u00e7\u00fcn \u00f6z teklifleri\u00f1izni tafsil\u00e2tl\u0131ca yaz\u0131lma \u015fekilde Milliy Meclisni\u00f1 K\u00e2tibat\u0131na bu ares boyunca yollama\u011fa rica etemiz: 95000, Aqmescit \u015feeri, \u015emidta soqa\u011f\u0131 2 ya da elektron adres:&nbsp;zair62@ukr.netMal\u00fcmat i\u00e7\u00fcn [&hellip;]\" \/>\n<meta property=\"og:url\" content=\"https:\/\/qtmm.org\/qt\/qirimtatar-cemaat-ve-siyasiy-teskilatlarinin-yolbascilari-icun\/\" \/>\n<meta property=\"og:site_name\" content=\"\u041c\u0435\u0434\u0436\u043b\u0456\u0441\" \/>\n<meta property=\"article:publisher\" content=\"https:\/\/www.facebook.com\/qtmm.info\/\" \/>\n<meta property=\"article:published_time\" content=\"2011-09-21T13:04:00+00:00\" \/>\n<meta property=\"article:modified_time\" content=\"2022-01-18T13:05:25+00:00\" \/>\n<meta name=\"author\" content=\"Developer\" \/>\n<meta name=\"twitter:card\" content=\"summary_large_image\" \/>\n<meta name=\"twitter:label1\" content=\"Written by\" \/>\n\t<meta name=\"twitter:data1\" content=\"Developer\" \/>\n\t<meta name=\"twitter:label2\" content=\"Est. reading time\" \/>\n\t<meta name=\"twitter:data2\" content=\"1 minute\" \/>\n<script type=\"application\/ld+json\" class=\"yoast-schema-graph\">{\"@context\":\"https:\\\/\\\/schema.org\",\"@graph\":[{\"@type\":\"Article\",\"@id\":\"https:\\\/\\\/qtmm.org\\\/qt\\\/qirimtatar-cemaat-ve-siyasiy-teskilatlarinin-yolbascilari-icun\\\/#article\",\"isPartOf\":{\"@id\":\"https:\\\/\\\/qtmm.org\\\/qt\\\/qirimtatar-cemaat-ve-siyasiy-teskilatlarinin-yolbascilari-icun\\\/\"},\"author\":{\"name\":\"Developer\",\"@id\":\"https:\\\/\\\/qtmm.org\\\/qt\\\/#\\\/schema\\\/person\\\/de562469f971dec226ac06e60bbf74a7\"},\"headline\":\"Q\u0131r\u0131mtatar cemaat ve siyasiy te\u015fkil\u00e2tlar\u0131n\u0131\u00f1 yolba\u015f\u00e7\u0131lar\u0131 i\u00e7\u00fcn\",\"datePublished\":\"2011-09-21T13:04:00+00:00\",\"dateModified\":\"2022-01-18T13:05:25+00:00\",\"mainEntityOfPage\":{\"@id\":\"https:\\\/\\\/qtmm.org\\\/qt\\\/qirimtatar-cemaat-ve-siyasiy-teskilatlarinin-yolbascilari-icun\\\/\"},\"wordCount\":131,\"commentCount\":0,\"publisher\":{\"@id\":\"https:\\\/\\\/qtmm.org\\\/qt\\\/#organization\"},\"articleSection\":[\"Haberler\"],\"inLanguage\":\"qt\",\"potentialAction\":[{\"@type\":\"CommentAction\",\"name\":\"Comment\",\"target\":[\"https:\\\/\\\/qtmm.org\\\/qt\\\/qirimtatar-cemaat-ve-siyasiy-teskilatlarinin-yolbascilari-icun\\\/#respond\"]}]},{\"@type\":\"WebPage\",\"@id\":\"https:\\\/\\\/qtmm.org\\\/qt\\\/qirimtatar-cemaat-ve-siyasiy-teskilatlarinin-yolbascilari-icun\\\/\",\"url\":\"https:\\\/\\\/qtmm.org\\\/qt\\\/qirimtatar-cemaat-ve-siyasiy-teskilatlarinin-yolbascilari-icun\\\/\",\"name\":\"Q\u0131r\u0131mtatar cemaat ve siyasiy te\u015fkil\u00e2tlar\u0131n\u0131\u00f1 yolba\u015f\u00e7\u0131lar\u0131 i\u00e7\u00fcn - \u041c\u0435\u0434\u0436\u043b\u0456\u0441\",\"isPartOf\":{\"@id\":\"https:\\\/\\\/qtmm.org\\\/qt\\\/#website\"},\"datePublished\":\"2011-09-21T13:04:00+00:00\",\"dateModified\":\"2022-01-18T13:05:25+00:00\",\"breadcrumb\":{\"@id\":\"https:\\\/\\\/qtmm.org\\\/qt\\\/qirimtatar-cemaat-ve-siyasiy-teskilatlarinin-yolbascilari-icun\\\/#breadcrumb\"},\"inLanguage\":\"qt\",\"potentialAction\":[{\"@type\":\"ReadAction\",\"target\":[\"https:\\\/\\\/qtmm.org\\\/qt\\\/qirimtatar-cemaat-ve-siyasiy-teskilatlarinin-yolbascilari-icun\\\/\"]}]},{\"@type\":\"BreadcrumbList\",\"@id\":\"https:\\\/\\\/qtmm.org\\\/qt\\\/qirimtatar-cemaat-ve-siyasiy-teskilatlarinin-yolbascilari-icun\\\/#breadcrumb\",\"itemListElement\":[{\"@type\":\"ListItem\",\"position\":1,\"name\":\"\u0413\u043e\u043b\u043e\u0432\u043d\u0430\",\"item\":\"https:\\\/\\\/qtmm.org\\\/qt\\\/\"},{\"@type\":\"ListItem\",\"position\":2,\"name\":\"Q\u0131r\u0131mtatar cemaat ve siyasiy te\u015fkil\u00e2tlar\u0131n\u0131\u00f1 yolba\u015f\u00e7\u0131lar\u0131 i\u00e7\u00fcn\"}]},{\"@type\":\"WebSite\",\"@id\":\"https:\\\/\\\/qtmm.org\\\/qt\\\/#website\",\"url\":\"https:\\\/\\\/qtmm.org\\\/qt\\\/\",\"name\":\"\u041c\u0435\u0434\u0436\u043b\u0456\u0441\",\"description\":\"\",\"publisher\":{\"@id\":\"https:\\\/\\\/qtmm.org\\\/qt\\\/#organization\"},\"potentialAction\":[{\"@type\":\"SearchAction\",\"target\":{\"@type\":\"EntryPoint\",\"urlTemplate\":\"https:\\\/\\\/qtmm.org\\\/qt\\\/?s={search_term_string}\"},\"query-input\":{\"@type\":\"PropertyValueSpecification\",\"valueRequired\":true,\"valueName\":\"search_term_string\"}}],\"inLanguage\":\"qt\"},{\"@type\":\"Organization\",\"@id\":\"https:\\\/\\\/qtmm.org\\\/qt\\\/#organization\",\"name\":\"\u041c\u0435\u0434\u0436\u043b\u0456\u0441\",\"url\":\"https:\\\/\\\/qtmm.org\\\/qt\\\/\",\"logo\":{\"@type\":\"ImageObject\",\"inLanguage\":\"qt\",\"@id\":\"https:\\\/\\\/qtmm.org\\\/qt\\\/#\\\/schema\\\/logo\\\/image\\\/\",\"url\":\"https:\\\/\\\/qtmm.org\\\/wp-content\\\/uploads\\\/2024\\\/12\\\/ua-mejlis-logo-rgb.svg\",\"contentUrl\":\"https:\\\/\\\/qtmm.org\\\/wp-content\\\/uploads\\\/2024\\\/12\\\/ua-mejlis-logo-rgb.svg\",\"caption\":\"\u041c\u0435\u0434\u0436\u043b\u0456\u0441\"},\"image\":{\"@id\":\"https:\\\/\\\/qtmm.org\\\/qt\\\/#\\\/schema\\\/logo\\\/image\\\/\"},\"sameAs\":[\"https:\\\/\\\/www.facebook.com\\\/qtmm.info\\\/\"]},{\"@type\":\"Person\",\"@id\":\"https:\\\/\\\/qtmm.org\\\/qt\\\/#\\\/schema\\\/person\\\/de562469f971dec226ac06e60bbf74a7\",\"name\":\"Developer\",\"image\":{\"@type\":\"ImageObject\",\"inLanguage\":\"qt\",\"@id\":\"https:\\\/\\\/secure.gravatar.com\\\/avatar\\\/392b4cc8fbfeb00b39dfeeab4ee6edded39ffd48e25858637e4765810300227e?s=96&d=mm&r=g\",\"url\":\"https:\\\/\\\/secure.gravatar.com\\\/avatar\\\/392b4cc8fbfeb00b39dfeeab4ee6edded39ffd48e25858637e4765810300227e?s=96&d=mm&r=g\",\"contentUrl\":\"https:\\\/\\\/secure.gravatar.com\\\/avatar\\\/392b4cc8fbfeb00b39dfeeab4ee6edded39ffd48e25858637e4765810300227e?s=96&d=mm&r=g\",\"caption\":\"Developer\"},\"url\":\"https:\\\/\\\/qtmm.org\\\/qt\\\/author\\\/Developer\\\/\"}]}<\/script>\n<!-- \/ Yoast SEO plugin. -->","yoast_head_json":{"title":"Q\u0131r\u0131mtatar cemaat ve siyasiy te\u015fkil\u00e2tlar\u0131n\u0131\u00f1 yolba\u015f\u00e7\u0131lar\u0131 i\u00e7\u00fcn - \u041c\u0435\u0434\u0436\u043b\u0456\u0441","robots":{"index":"index","follow":"follow","max-snippet":"max-snippet:-1","max-image-preview":"max-image-preview:large","max-video-preview":"max-video-preview:-1"},"canonical":"https:\/\/qtmm.org\/qt\/qirimtatar-cemaat-ve-siyasiy-teskilatlarinin-yolbascilari-icun\/","og_locale":"en_US","og_type":"article","og_title":"Q\u0131r\u0131mtatar cemaat ve siyasiy te\u015fkil\u00e2tlar\u0131n\u0131\u00f1 yolba\u015f\u00e7\u0131lar\u0131 i\u00e7\u00fcn - \u041c\u0435\u0434\u0436\u043b\u0456\u0441","og_description":"Mart 21 k\u00fcn\u00fc Milliy Meclisni\u00f1 topla\u015fuv\u0131nda q\u0131r\u0131mtatar halq\u0131n\u0131\u00f1 genotsidi qurbanlar\u0131n\u0131\u00f1 hat\u0131ras\u0131na ba\u011f\u0131\u015flan\u011fan memorial tedbirlerine az\u0131rlanuv ve ke\u00e7ir\u00fcv boyunca Te\u015fkiliy komitet \u015fekillendirildi. \u00d6tkerilecek memorial tedbirlerni\u00f1 plan\u0131na \u00f6z i\u015ftiragini\u00f1 derecesini bildirmek i\u00e7\u00fcn \u00f6z teklifleri\u00f1izni tafsil\u00e2tl\u0131ca yaz\u0131lma \u015fekilde Milliy Meclisni\u00f1 K\u00e2tibat\u0131na bu ares boyunca yollama\u011fa rica etemiz: 95000, Aqmescit \u015feeri, \u015emidta soqa\u011f\u0131 2 ya da elektron adres:&nbsp;zair62@ukr.netMal\u00fcmat i\u00e7\u00fcn [&hellip;]","og_url":"https:\/\/qtmm.org\/qt\/qirimtatar-cemaat-ve-siyasiy-teskilatlarinin-yolbascilari-icun\/","og_site_name":"\u041c\u0435\u0434\u0436\u043b\u0456\u0441","article_publisher":"https:\/\/www.facebook.com\/qtmm.info\/","article_published_time":"2011-09-21T13:04:00+00:00","article_modified_time":"2022-01-18T13:05:25+00:00","author":"Developer","twitter_card":"summary_large_image","twitter_misc":{"Written by":"Developer","Est. reading time":"1 minute"},"schema":{"@context":"https:\/\/schema.org","@graph":[{"@type":"Article","@id":"https:\/\/qtmm.org\/qt\/qirimtatar-cemaat-ve-siyasiy-teskilatlarinin-yolbascilari-icun\/#article","isPartOf":{"@id":"https:\/\/qtmm.org\/qt\/qirimtatar-cemaat-ve-siyasiy-teskilatlarinin-yolbascilari-icun\/"},"author":{"name":"Developer","@id":"https:\/\/qtmm.org\/qt\/#\/schema\/person\/de562469f971dec226ac06e60bbf74a7"},"headline":"Q\u0131r\u0131mtatar cemaat ve siyasiy te\u015fkil\u00e2tlar\u0131n\u0131\u00f1 yolba\u015f\u00e7\u0131lar\u0131 i\u00e7\u00fcn","datePublished":"2011-09-21T13:04:00+00:00","dateModified":"2022-01-18T13:05:25+00:00","mainEntityOfPage":{"@id":"https:\/\/qtmm.org\/qt\/qirimtatar-cemaat-ve-siyasiy-teskilatlarinin-yolbascilari-icun\/"},"wordCount":131,"commentCount":0,"publisher":{"@id":"https:\/\/qtmm.org\/qt\/#organization"},"articleSection":["Haberler"],"inLanguage":"qt","potentialAction":[{"@type":"CommentAction","name":"Comment","target":["https:\/\/qtmm.org\/qt\/qirimtatar-cemaat-ve-siyasiy-teskilatlarinin-yolbascilari-icun\/#respond"]}]},{"@type":"WebPage","@id":"https:\/\/qtmm.org\/qt\/qirimtatar-cemaat-ve-siyasiy-teskilatlarinin-yolbascilari-icun\/","url":"https:\/\/qtmm.org\/qt\/qirimtatar-cemaat-ve-siyasiy-teskilatlarinin-yolbascilari-icun\/","name":"Q\u0131r\u0131mtatar cemaat ve siyasiy te\u015fkil\u00e2tlar\u0131n\u0131\u00f1 yolba\u015f\u00e7\u0131lar\u0131 i\u00e7\u00fcn - \u041c\u0435\u0434\u0436\u043b\u0456\u0441","isPartOf":{"@id":"https:\/\/qtmm.org\/qt\/#website"},"datePublished":"2011-09-21T13:04:00+00:00","dateModified":"2022-01-18T13:05:25+00:00","breadcrumb":{"@id":"https:\/\/qtmm.org\/qt\/qirimtatar-cemaat-ve-siyasiy-teskilatlarinin-yolbascilari-icun\/#breadcrumb"},"inLanguage":"qt","potentialAction":[{"@type":"ReadAction","target":["https:\/\/qtmm.org\/qt\/qirimtatar-cemaat-ve-siyasiy-teskilatlarinin-yolbascilari-icun\/"]}]},{"@type":"BreadcrumbList","@id":"https:\/\/qtmm.org\/qt\/qirimtatar-cemaat-ve-siyasiy-teskilatlarinin-yolbascilari-icun\/#breadcrumb","itemListElement":[{"@type":"ListItem","position":1,"name":"\u0413\u043e\u043b\u043e\u0432\u043d\u0430","item":"https:\/\/qtmm.org\/qt\/"},{"@type":"ListItem","position":2,"name":"Q\u0131r\u0131mtatar cemaat ve siyasiy te\u015fkil\u00e2tlar\u0131n\u0131\u00f1 yolba\u015f\u00e7\u0131lar\u0131 i\u00e7\u00fcn"}]},{"@type":"WebSite","@id":"https:\/\/qtmm.org\/qt\/#website","url":"https:\/\/qtmm.org\/qt\/","name":"\u041c\u0435\u0434\u0436\u043b\u0456\u0441","description":"","publisher":{"@id":"https:\/\/qtmm.org\/qt\/#organization"},"potentialAction":[{"@type":"SearchAction","target":{"@type":"EntryPoint","urlTemplate":"https:\/\/qtmm.org\/qt\/?s={search_term_string}"},"query-input":{"@type":"PropertyValueSpecification","valueRequired":true,"valueName":"search_term_string"}}],"inLanguage":"qt"},{"@type":"Organization","@id":"https:\/\/qtmm.org\/qt\/#organization","name":"\u041c\u0435\u0434\u0436\u043b\u0456\u0441","url":"https:\/\/qtmm.org\/qt\/","logo":{"@type":"ImageObject","inLanguage":"qt","@id":"https:\/\/qtmm.org\/qt\/#\/schema\/logo\/image\/","url":"https:\/\/qtmm.org\/wp-content\/uploads\/2024\/12\/ua-mejlis-logo-rgb.svg","contentUrl":"https:\/\/qtmm.org\/wp-content\/uploads\/2024\/12\/ua-mejlis-logo-rgb.svg","caption":"\u041c\u0435\u0434\u0436\u043b\u0456\u0441"},"image":{"@id":"https:\/\/qtmm.org\/qt\/#\/schema\/logo\/image\/"},"sameAs":["https:\/\/www.facebook.com\/qtmm.info\/"]},{"@type":"Person","@id":"https:\/\/qtmm.org\/qt\/#\/schema\/person\/de562469f971dec226ac06e60bbf74a7","name":"Developer","image":{"@type":"ImageObject","inLanguage":"qt","@id":"https:\/\/secure.gravatar.com\/avatar\/392b4cc8fbfeb00b39dfeeab4ee6edded39ffd48e25858637e4765810300227e?s=96&d=mm&r=g","url":"https:\/\/secure.gravatar.com\/avatar\/392b4cc8fbfeb00b39dfeeab4ee6edded39ffd48e25858637e4765810300227e?s=96&d=mm&r=g","contentUrl":"https:\/\/secure.gravatar.com\/avatar\/392b4cc8fbfeb00b39dfeeab4ee6edded39ffd48e25858637e4765810300227e?s=96&d=mm&r=g","caption":"Developer"},"url":"https:\/\/qtmm.org\/qt\/author\/Developer\/"}]}},"_links":{"self":[{"href":"https:\/\/qtmm.org\/qt\/wp-json\/wp\/v2\/posts\/23452","targetHints":{"allow":["GET"]}}],"collection":[{"href":"https:\/\/qtmm.org\/qt\/wp-json\/wp\/v2\/posts"}],"about":[{"href":"https:\/\/qtmm.org\/qt\/wp-json\/wp\/v2\/types\/post"}],"author":[{"embeddable":true,"href":"https:\/\/qtmm.org\/qt\/wp-json\/wp\/v2\/users\/1"}],"replies":[{"embeddable":true,"href":"https:\/\/qtmm.org\/qt\/wp-json\/wp\/v2\/comments?post=23452"}],"version-history":[{"count":1,"href":"https:\/\/qtmm.org\/qt\/wp-json\/wp\/v2\/posts\/23452\/revisions"}],"predecessor-version":[{"id":23453,"href":"https:\/\/qtmm.org\/qt\/wp-json\/wp\/v2\/posts\/23452\/revisions\/23453"}],"wp:attachment":[{"href":"https:\/\/qtmm.org\/qt\/wp-json\/wp\/v2\/media?parent=23452"}],"wp:term":[{"taxonomy":"category","embeddable":true,"href":"https:\/\/qtmm.org\/qt\/wp-json\/wp\/v2\/categories?post=23452"},{"taxonomy":"post_tag","embeddable":true,"href":"https:\/\/qtmm.org\/qt\/wp-json\/wp\/v2\/tags?post=23452"}],"curies":[{"name":"wp","href":"https:\/\/api.w.org\/{rel}","templated":true}]}}