




{"id":23450,"date":"2011-09-18T16:03:00","date_gmt":"2011-09-18T13:03:00","guid":{"rendered":"http:\/\/qtmm.org\/?p=23450"},"modified":"2022-01-18T16:04:29","modified_gmt":"2022-01-18T13:04:29","slug":"i-gasprinskiy-dogganina-160-tolgani-munasebetinen-tedbirler-baslandi","status":"publish","type":"post","link":"https:\/\/qtmm.org\/qt\/i-gasprinskiy-dogganina-160-tolgani-munasebetinen-tedbirler-baslandi\/","title":{"rendered":"\u0130.Gasprinskiy do\u011f\u011fan\u0131na 160 tol\u011fan\u0131 munasebetinen tedbirler ba\u015fland\u0131"},"content":{"rendered":"\n<p>Mart 18 k\u00fcn\u00fc Q\u0131r\u0131mda ulu q\u0131r\u0131mtatar maarif\u00e7isi, yaz\u0131c\u0131, pedagog, terciman ve cemaat erbab\u0131 \u0130.Gasprinskiyni\u00f1 do\u011f\u011fan\u0131na 160 y\u0131l tol\u011fan\u0131 munasebetinen bir s\u0131ra tedbirler ba\u015flanmaqta.<\/p>\n\n\n\n<p>Tedbirlerni Milliy Meclis, Milletlerara munasebetler ve s\u00fcrg\u00fcn olun\u011fan grajdanlarn\u0131\u00f1 i\u015fleri boyunca cumhuriyet komiteti, &#8220;Maarif\u00e7i&#8221; birle\u015fmesi te\u015fkil etti.<\/p>\n\n\n\n<p>Sabahtan Aqmescitte yerle\u015fken ulu maarif\u00e7ini\u00f1 abidesi yan\u0131na g\u00fcl-\u00e7e\u00e7ekler qoyuld\u0131. M\u0131nda q\u0131r\u0131mtatar ve ukrain cemaat\u0131, \u015feer akimiyeti, Milliy Meclis azalar\u0131, medeniyet erbaplar\u0131, Aliy oquv yurtlarn\u0131\u00f1 ocalar\u0131 ve studentler topland\u0131.<\/p>\n\n\n\n<p>Belli maarifni\u00f1 hat\u0131ras\u0131n\u0131 Milliy Meclis reisini\u00f1 birinci muavini, B\u00fct\u00fcnd\u00fcnya q\u0131r\u0131mtatarlar kongressini\u00f1 prezidenti, Q\u0131r\u0131m Yuqar\u0131 \u015euras\u0131n\u0131\u00f1 deputat\u0131 Refat \u00c7ubarov, QMC Nazirler \u015euras\u0131 reisini\u00f1 muavini Aziz Abdullayev, Milletlerara munasebetler ve s\u00fcrg\u00fcn olun\u011fan grajdanlarn\u0131\u00f1 i\u015fleri boyunca cumhuriyet komitetini\u00f1 reisi Edem Dudakov, &#8220;Maarif\u00e7i&#8221; birle\u015fmesini\u00f1 reisi, Q\u0131r\u0131m Yuqar\u0131 \u015euras\u0131n\u0131\u00f1 deputat\u0131 Safure Kacametova, B\u00fct\u00fcnukrain informatsion-medeniy merkezini\u00f1 yolba\u015f\u00e7\u0131s\u0131 Vladislav Yermakov, QMPUni\u00f1 q\u0131r\u0131mtatar ve t\u00fcrk edebiyat\u0131 kafedras\u0131n\u0131\u00f1 m\u00fcdiri \u0130smail Kerimov ve digerleri s\u0131caq s\u00f6zler ile a\u00f1d\u0131lar.<\/p>\n\n\n\n<p>Refat \u00c7ubarov \u00f6z \u00e7\u0131q\u0131\u015f\u0131nda Milliy Meclis ad\u0131ndan bu merasimni te\u015fkil etken ve umumen toplan\u011fan adamlar\u011fa minnetdarl\u0131q bildirdi. &#8220;Biz ecdatlar\u0131m\u0131zn\u0131\u00f1 yolunen ketmek i\u00e7\u00fcn olar nenen o\u011fra\u015fqanlar\u0131n\u0131 yah\u015f\u0131 bilmek kerekmiz. Ve nas\u0131l q\u0131y\u0131n olmasa da, nas\u0131l problemler \u00f6g\u00fcmizge \u00e7\u0131qmasa da, biz \u00f6gge keterek, \u00f6z bilgilerimizni m\u00fckemmelle\u015ftirmek i\u00e7\u00fcn \u0130smail Gasprinskiy kibi adamlarn\u0131\u00f1 yapqan i\u015flerinden faydalanmak kerekmiz&#8221;, &#8211; dedi \u00c7ubarov.<\/p>\n\n\n\n<p>Bundan so\u00f1 \u0130.Gasprinskiy ad\u0131na q\u0131r\u0131mtatar kitaphanesinde &#8220;\u0130.Gasprinskiyni\u00f1 miras\u0131&#8221; ad\u0131nda kitap-vesiqal\u0131 sergini\u00f1 a\u00e7\u0131l\u0131\u015f\u0131 old\u0131. M\u0131nda da Milliy Meclis reisini\u00f1 birinci muavini, B\u00fct\u00fcnd\u00fcnya q\u0131r\u0131mtatarlar kongressini\u00f1 prezidenti, Q\u0131r\u0131m Yuqar\u0131 \u015euras\u0131n\u0131\u00f1 deputat\u0131 Refat \u00c7ubarov, Milletlerara munasebetler ve s\u00fcrg\u00fcn olun\u011fan grajdanlarn\u0131\u00f1 i\u015fleri boyunca cumhuriyet komitetini\u00f1 reisi Edem Dudakov, &#8220;Marif\u00e7i&#8221; birle\u015fmesini\u00f1 reisi, Q\u0131r\u0131m Yuqar\u0131 \u015euras\u0131n\u0131\u00f1 deputat\u0131 Safure Kacametova, Ukraina yaz\u0131c\u0131lar birle\u015fmesini\u00f1 azas\u0131, Q\u0131r\u0131mtatar yaz\u0131c\u0131lar birligini\u00f1 reisi Riza Faz\u0131l ve digerleri i\u015ftirak ettiler.<\/p>\n\n\n\n<p>\u015eun\u0131 hat\u0131rlamaq kerek ki, \u0130.Gasprinskiy do\u011f\u011fan\u0131na 160 y\u0131l tol\u011fan\u0131 munasebetinen Q\u0131r\u0131mda b\u00f6yle tedbirler ol\u0131p ke\u00e7ecek:<\/p>\n\n\n\n<p>Mart 21 k\u00fcn\u00fc Ba\u011f\u00e7asarayda yerle\u015fken \u0130.Gasprinskiyni\u00f1 b\u00fcsti ol\u011fan yerge g\u00fcl-\u00e7e\u00e7eklerni\u00f1 tantanal\u0131 qoyul\u0131v\u0131 olacaq. Bundan so\u00f1 on\u0131\u00f1 \u00f6m\u00fcr ve faaliyeti ile ba\u011fl\u0131 yerler ziyaret etilecek.<\/p>\n\n\n\n<p>Mart 23 k\u00fcn\u00fc \u0130.Gasprinskiy do\u011f\u011fan\u0131na 160 y\u0131l tol\u011fan\u0131 munasebetinen tantanal\u0131 aq\u015fam ve Q\u0131r\u0131m akademik-muz\u0131kal\u0131-drama teatrinde medeniyet ustalar\u0131n\u0131\u00f1 kontsertini\u00f1 \u00f6tkerilmesi planla\u015ft\u0131r\u0131la.<\/p>\n\n\n\n<p>Mart 24 k\u00fcn\u00fc Q\u0131r\u0131mtatar sanat m\u00fczeyinde &#8220;\u0130.Gasprinskiy ve Q\u0131r\u0131m&#8221; adl\u0131 m\u00fcltimediy \u015fekilde taqdimi olacaq.<\/p>\n\n\n\n<p>Mart 24 k\u00fcn\u00fc \u0130.Gasprinskiy ad\u0131na q\u0131r\u0131mtatar kitaphanesinde \u0130.Gasprinskiy &#8220;Rus musulmanl\u0131\u011f\u0131: musulmanlarn\u0131\u00f1 fikirleri, ufaq maqleler ve k\u00f6zet\u00fcvleri&#8221; kitab\u0131n\u0131\u00f1 yaz\u011fan\u0131na 130 y\u0131l olaca\u011f\u0131na ba\u011f\u0131\u015flan\u011fan kitaplar sergisi olacaq.<\/p>\n\n\n\n<p>Mart 24 k\u00fcn\u00fc \u0130.Gasprinskiy ad\u0131na q\u0131r\u0131mtatar kitaphanesinde &#8220;\u0130.Gaprinskiyni\u00f1 d\u00fcnyas\u0131&#8221; adl\u0131 edebiy oquvlar\u0131 olacaq.<\/p>\n\n\n\n<p>Mart-aprel aylar\u0131nda &#8220;Alem-i nisvan&#8221; ve &#8220;Alem-i subyan&#8221; mektep gazetalar\u0131n\u0131\u00f1 konkurs\u0131 ke\u00e7irilmege planla\u015ft\u0131r\u0131la.<\/p>\n\n\n\n<p>Mart-aprel aylar\u0131 yaz\u0131cl\u0131r, alimler ve pedagoglar i\u015ftirag\u0131nen q\u0131r\u0131mtatar telekanallar\u0131nda &#8220;\u0130. Gasprinskiy ile XXI as\u0131r\u011fa&#8221; adl\u0131 bir s\u0131ra teleyay\u0131nlar yap\u0131lacaq.<\/p>\n\n\n\n<p>Okt\u00e2br ay\u0131nda QMPUnde \u0130.G\u015easprinskiyni\u00f1 \u00f6m\u00fcri ve faaliyetine ba\u011f\u0131\u015flan\u011fan Halqara ilmiy-ameliy konferentsiyalar \u00f6tkerilecek.<\/p>\n","protected":false},"excerpt":{"rendered":"<p>Mart 18 k\u00fcn\u00fc Q\u0131r\u0131mda ulu q\u0131r\u0131mtatar maarif\u00e7isi, yaz\u0131c\u0131, pedagog, terciman ve cemaat erbab\u0131 \u0130.Gasprinskiyni\u00f1 do\u011f\u011fan\u0131na 160 y\u0131l tol\u011fan\u0131 munasebetinen bir s\u0131ra tedbirler ba\u015flanmaqta. Tedbirlerni Milliy Meclis, Milletlerara munasebetler ve s\u00fcrg\u00fcn olun\u011fan grajdanlarn\u0131\u00f1 i\u015fleri boyunca cumhuriyet komiteti, &#8220;Maarif\u00e7i&#8221; birle\u015fmesi te\u015fkil etti. Sabahtan Aqmescitte yerle\u015fken ulu maarif\u00e7ini\u00f1 abidesi yan\u0131na g\u00fcl-\u00e7e\u00e7ekler qoyuld\u0131. M\u0131nda q\u0131r\u0131mtatar ve ukrain cemaat\u0131, \u015feer [&hellip;]<\/p>\n","protected":false},"author":1,"featured_media":0,"comment_status":"open","ping_status":"open","sticky":false,"template":"","format":"standard","meta":{"inline_featured_image":false,"footnotes":""},"categories":[265],"tags":[],"class_list":["post-23450","post","type-post","status-publish","format-standard","hentry","category-haberler"],"acf":[],"yoast_head":"<!-- This site is optimized with the Yoast SEO plugin v27.4 - https:\/\/yoast.com\/product\/yoast-seo-wordpress\/ -->\n<title>\u0130.Gasprinskiy do\u011f\u011fan\u0131na 160 tol\u011fan\u0131 munasebetinen tedbirler ba\u015fland\u0131 - \u041c\u0435\u0434\u0436\u043b\u0456\u0441<\/title>\n<meta name=\"robots\" content=\"index, follow, max-snippet:-1, max-image-preview:large, max-video-preview:-1\" \/>\n<link rel=\"canonical\" href=\"https:\/\/qtmm.org\/qt\/i-gasprinskiy-dogganina-160-tolgani-munasebetinen-tedbirler-baslandi\/\" \/>\n<meta property=\"og:locale\" content=\"en_US\" \/>\n<meta property=\"og:type\" content=\"article\" \/>\n<meta property=\"og:title\" content=\"\u0130.Gasprinskiy do\u011f\u011fan\u0131na 160 tol\u011fan\u0131 munasebetinen tedbirler ba\u015fland\u0131 - \u041c\u0435\u0434\u0436\u043b\u0456\u0441\" \/>\n<meta property=\"og:description\" content=\"Mart 18 k\u00fcn\u00fc Q\u0131r\u0131mda ulu q\u0131r\u0131mtatar maarif\u00e7isi, yaz\u0131c\u0131, pedagog, terciman ve cemaat erbab\u0131 \u0130.Gasprinskiyni\u00f1 do\u011f\u011fan\u0131na 160 y\u0131l tol\u011fan\u0131 munasebetinen bir s\u0131ra tedbirler ba\u015flanmaqta. Tedbirlerni Milliy Meclis, Milletlerara munasebetler ve s\u00fcrg\u00fcn olun\u011fan grajdanlarn\u0131\u00f1 i\u015fleri boyunca cumhuriyet komiteti, &#8220;Maarif\u00e7i&#8221; birle\u015fmesi te\u015fkil etti. Sabahtan Aqmescitte yerle\u015fken ulu maarif\u00e7ini\u00f1 abidesi yan\u0131na g\u00fcl-\u00e7e\u00e7ekler qoyuld\u0131. M\u0131nda q\u0131r\u0131mtatar ve ukrain cemaat\u0131, \u015feer [&hellip;]\" \/>\n<meta property=\"og:url\" content=\"https:\/\/qtmm.org\/qt\/i-gasprinskiy-dogganina-160-tolgani-munasebetinen-tedbirler-baslandi\/\" \/>\n<meta property=\"og:site_name\" content=\"\u041c\u0435\u0434\u0436\u043b\u0456\u0441\" \/>\n<meta property=\"article:publisher\" content=\"https:\/\/www.facebook.com\/qtmm.info\/\" \/>\n<meta property=\"article:published_time\" content=\"2011-09-18T13:03:00+00:00\" \/>\n<meta property=\"article:modified_time\" content=\"2022-01-18T13:04:29+00:00\" \/>\n<meta name=\"author\" content=\"Developer\" \/>\n<meta name=\"twitter:card\" content=\"summary_large_image\" \/>\n<meta name=\"twitter:label1\" content=\"Written by\" \/>\n\t<meta name=\"twitter:data1\" content=\"Developer\" \/>\n\t<meta name=\"twitter:label2\" content=\"Est. reading time\" \/>\n\t<meta name=\"twitter:data2\" content=\"3 minutes\" \/>\n<script type=\"application\/ld+json\" class=\"yoast-schema-graph\">{\"@context\":\"https:\\\/\\\/schema.org\",\"@graph\":[{\"@type\":\"Article\",\"@id\":\"https:\\\/\\\/qtmm.org\\\/qt\\\/i-gasprinskiy-dogganina-160-tolgani-munasebetinen-tedbirler-baslandi\\\/#article\",\"isPartOf\":{\"@id\":\"https:\\\/\\\/qtmm.org\\\/qt\\\/i-gasprinskiy-dogganina-160-tolgani-munasebetinen-tedbirler-baslandi\\\/\"},\"author\":{\"name\":\"Developer\",\"@id\":\"https:\\\/\\\/qtmm.org\\\/qt\\\/#\\\/schema\\\/person\\\/de562469f971dec226ac06e60bbf74a7\"},\"headline\":\"\u0130.Gasprinskiy do\u011f\u011fan\u0131na 160 tol\u011fan\u0131 munasebetinen tedbirler ba\u015fland\u0131\",\"datePublished\":\"2011-09-18T13:03:00+00:00\",\"dateModified\":\"2022-01-18T13:04:29+00:00\",\"mainEntityOfPage\":{\"@id\":\"https:\\\/\\\/qtmm.org\\\/qt\\\/i-gasprinskiy-dogganina-160-tolgani-munasebetinen-tedbirler-baslandi\\\/\"},\"wordCount\":608,\"commentCount\":0,\"publisher\":{\"@id\":\"https:\\\/\\\/qtmm.org\\\/qt\\\/#organization\"},\"articleSection\":[\"Haberler\"],\"inLanguage\":\"qt\",\"potentialAction\":[{\"@type\":\"CommentAction\",\"name\":\"Comment\",\"target\":[\"https:\\\/\\\/qtmm.org\\\/qt\\\/i-gasprinskiy-dogganina-160-tolgani-munasebetinen-tedbirler-baslandi\\\/#respond\"]}]},{\"@type\":\"WebPage\",\"@id\":\"https:\\\/\\\/qtmm.org\\\/qt\\\/i-gasprinskiy-dogganina-160-tolgani-munasebetinen-tedbirler-baslandi\\\/\",\"url\":\"https:\\\/\\\/qtmm.org\\\/qt\\\/i-gasprinskiy-dogganina-160-tolgani-munasebetinen-tedbirler-baslandi\\\/\",\"name\":\"\u0130.Gasprinskiy do\u011f\u011fan\u0131na 160 tol\u011fan\u0131 munasebetinen tedbirler ba\u015fland\u0131 - \u041c\u0435\u0434\u0436\u043b\u0456\u0441\",\"isPartOf\":{\"@id\":\"https:\\\/\\\/qtmm.org\\\/qt\\\/#website\"},\"datePublished\":\"2011-09-18T13:03:00+00:00\",\"dateModified\":\"2022-01-18T13:04:29+00:00\",\"breadcrumb\":{\"@id\":\"https:\\\/\\\/qtmm.org\\\/qt\\\/i-gasprinskiy-dogganina-160-tolgani-munasebetinen-tedbirler-baslandi\\\/#breadcrumb\"},\"inLanguage\":\"qt\",\"potentialAction\":[{\"@type\":\"ReadAction\",\"target\":[\"https:\\\/\\\/qtmm.org\\\/qt\\\/i-gasprinskiy-dogganina-160-tolgani-munasebetinen-tedbirler-baslandi\\\/\"]}]},{\"@type\":\"BreadcrumbList\",\"@id\":\"https:\\\/\\\/qtmm.org\\\/qt\\\/i-gasprinskiy-dogganina-160-tolgani-munasebetinen-tedbirler-baslandi\\\/#breadcrumb\",\"itemListElement\":[{\"@type\":\"ListItem\",\"position\":1,\"name\":\"\u0413\u043e\u043b\u043e\u0432\u043d\u0430\",\"item\":\"https:\\\/\\\/qtmm.org\\\/qt\\\/\"},{\"@type\":\"ListItem\",\"position\":2,\"name\":\"\u0130.Gasprinskiy do\u011f\u011fan\u0131na 160 tol\u011fan\u0131 munasebetinen tedbirler ba\u015fland\u0131\"}]},{\"@type\":\"WebSite\",\"@id\":\"https:\\\/\\\/qtmm.org\\\/qt\\\/#website\",\"url\":\"https:\\\/\\\/qtmm.org\\\/qt\\\/\",\"name\":\"\u041c\u0435\u0434\u0436\u043b\u0456\u0441\",\"description\":\"\",\"publisher\":{\"@id\":\"https:\\\/\\\/qtmm.org\\\/qt\\\/#organization\"},\"potentialAction\":[{\"@type\":\"SearchAction\",\"target\":{\"@type\":\"EntryPoint\",\"urlTemplate\":\"https:\\\/\\\/qtmm.org\\\/qt\\\/?s={search_term_string}\"},\"query-input\":{\"@type\":\"PropertyValueSpecification\",\"valueRequired\":true,\"valueName\":\"search_term_string\"}}],\"inLanguage\":\"qt\"},{\"@type\":\"Organization\",\"@id\":\"https:\\\/\\\/qtmm.org\\\/qt\\\/#organization\",\"name\":\"\u041c\u0435\u0434\u0436\u043b\u0456\u0441\",\"url\":\"https:\\\/\\\/qtmm.org\\\/qt\\\/\",\"logo\":{\"@type\":\"ImageObject\",\"inLanguage\":\"qt\",\"@id\":\"https:\\\/\\\/qtmm.org\\\/qt\\\/#\\\/schema\\\/logo\\\/image\\\/\",\"url\":\"https:\\\/\\\/qtmm.org\\\/wp-content\\\/uploads\\\/2024\\\/12\\\/ua-mejlis-logo-rgb.svg\",\"contentUrl\":\"https:\\\/\\\/qtmm.org\\\/wp-content\\\/uploads\\\/2024\\\/12\\\/ua-mejlis-logo-rgb.svg\",\"caption\":\"\u041c\u0435\u0434\u0436\u043b\u0456\u0441\"},\"image\":{\"@id\":\"https:\\\/\\\/qtmm.org\\\/qt\\\/#\\\/schema\\\/logo\\\/image\\\/\"},\"sameAs\":[\"https:\\\/\\\/www.facebook.com\\\/qtmm.info\\\/\"]},{\"@type\":\"Person\",\"@id\":\"https:\\\/\\\/qtmm.org\\\/qt\\\/#\\\/schema\\\/person\\\/de562469f971dec226ac06e60bbf74a7\",\"name\":\"Developer\",\"image\":{\"@type\":\"ImageObject\",\"inLanguage\":\"qt\",\"@id\":\"https:\\\/\\\/secure.gravatar.com\\\/avatar\\\/392b4cc8fbfeb00b39dfeeab4ee6edded39ffd48e25858637e4765810300227e?s=96&d=mm&r=g\",\"url\":\"https:\\\/\\\/secure.gravatar.com\\\/avatar\\\/392b4cc8fbfeb00b39dfeeab4ee6edded39ffd48e25858637e4765810300227e?s=96&d=mm&r=g\",\"contentUrl\":\"https:\\\/\\\/secure.gravatar.com\\\/avatar\\\/392b4cc8fbfeb00b39dfeeab4ee6edded39ffd48e25858637e4765810300227e?s=96&d=mm&r=g\",\"caption\":\"Developer\"},\"url\":\"https:\\\/\\\/qtmm.org\\\/qt\\\/author\\\/Developer\\\/\"}]}<\/script>\n<!-- \/ Yoast SEO plugin. -->","yoast_head_json":{"title":"\u0130.Gasprinskiy do\u011f\u011fan\u0131na 160 tol\u011fan\u0131 munasebetinen tedbirler ba\u015fland\u0131 - \u041c\u0435\u0434\u0436\u043b\u0456\u0441","robots":{"index":"index","follow":"follow","max-snippet":"max-snippet:-1","max-image-preview":"max-image-preview:large","max-video-preview":"max-video-preview:-1"},"canonical":"https:\/\/qtmm.org\/qt\/i-gasprinskiy-dogganina-160-tolgani-munasebetinen-tedbirler-baslandi\/","og_locale":"en_US","og_type":"article","og_title":"\u0130.Gasprinskiy do\u011f\u011fan\u0131na 160 tol\u011fan\u0131 munasebetinen tedbirler ba\u015fland\u0131 - \u041c\u0435\u0434\u0436\u043b\u0456\u0441","og_description":"Mart 18 k\u00fcn\u00fc Q\u0131r\u0131mda ulu q\u0131r\u0131mtatar maarif\u00e7isi, yaz\u0131c\u0131, pedagog, terciman ve cemaat erbab\u0131 \u0130.Gasprinskiyni\u00f1 do\u011f\u011fan\u0131na 160 y\u0131l tol\u011fan\u0131 munasebetinen bir s\u0131ra tedbirler ba\u015flanmaqta. Tedbirlerni Milliy Meclis, Milletlerara munasebetler ve s\u00fcrg\u00fcn olun\u011fan grajdanlarn\u0131\u00f1 i\u015fleri boyunca cumhuriyet komiteti, &#8220;Maarif\u00e7i&#8221; birle\u015fmesi te\u015fkil etti. Sabahtan Aqmescitte yerle\u015fken ulu maarif\u00e7ini\u00f1 abidesi yan\u0131na g\u00fcl-\u00e7e\u00e7ekler qoyuld\u0131. M\u0131nda q\u0131r\u0131mtatar ve ukrain cemaat\u0131, \u015feer [&hellip;]","og_url":"https:\/\/qtmm.org\/qt\/i-gasprinskiy-dogganina-160-tolgani-munasebetinen-tedbirler-baslandi\/","og_site_name":"\u041c\u0435\u0434\u0436\u043b\u0456\u0441","article_publisher":"https:\/\/www.facebook.com\/qtmm.info\/","article_published_time":"2011-09-18T13:03:00+00:00","article_modified_time":"2022-01-18T13:04:29+00:00","author":"Developer","twitter_card":"summary_large_image","twitter_misc":{"Written by":"Developer","Est. reading time":"3 minutes"},"schema":{"@context":"https:\/\/schema.org","@graph":[{"@type":"Article","@id":"https:\/\/qtmm.org\/qt\/i-gasprinskiy-dogganina-160-tolgani-munasebetinen-tedbirler-baslandi\/#article","isPartOf":{"@id":"https:\/\/qtmm.org\/qt\/i-gasprinskiy-dogganina-160-tolgani-munasebetinen-tedbirler-baslandi\/"},"author":{"name":"Developer","@id":"https:\/\/qtmm.org\/qt\/#\/schema\/person\/de562469f971dec226ac06e60bbf74a7"},"headline":"\u0130.Gasprinskiy do\u011f\u011fan\u0131na 160 tol\u011fan\u0131 munasebetinen tedbirler ba\u015fland\u0131","datePublished":"2011-09-18T13:03:00+00:00","dateModified":"2022-01-18T13:04:29+00:00","mainEntityOfPage":{"@id":"https:\/\/qtmm.org\/qt\/i-gasprinskiy-dogganina-160-tolgani-munasebetinen-tedbirler-baslandi\/"},"wordCount":608,"commentCount":0,"publisher":{"@id":"https:\/\/qtmm.org\/qt\/#organization"},"articleSection":["Haberler"],"inLanguage":"qt","potentialAction":[{"@type":"CommentAction","name":"Comment","target":["https:\/\/qtmm.org\/qt\/i-gasprinskiy-dogganina-160-tolgani-munasebetinen-tedbirler-baslandi\/#respond"]}]},{"@type":"WebPage","@id":"https:\/\/qtmm.org\/qt\/i-gasprinskiy-dogganina-160-tolgani-munasebetinen-tedbirler-baslandi\/","url":"https:\/\/qtmm.org\/qt\/i-gasprinskiy-dogganina-160-tolgani-munasebetinen-tedbirler-baslandi\/","name":"\u0130.Gasprinskiy do\u011f\u011fan\u0131na 160 tol\u011fan\u0131 munasebetinen tedbirler ba\u015fland\u0131 - \u041c\u0435\u0434\u0436\u043b\u0456\u0441","isPartOf":{"@id":"https:\/\/qtmm.org\/qt\/#website"},"datePublished":"2011-09-18T13:03:00+00:00","dateModified":"2022-01-18T13:04:29+00:00","breadcrumb":{"@id":"https:\/\/qtmm.org\/qt\/i-gasprinskiy-dogganina-160-tolgani-munasebetinen-tedbirler-baslandi\/#breadcrumb"},"inLanguage":"qt","potentialAction":[{"@type":"ReadAction","target":["https:\/\/qtmm.org\/qt\/i-gasprinskiy-dogganina-160-tolgani-munasebetinen-tedbirler-baslandi\/"]}]},{"@type":"BreadcrumbList","@id":"https:\/\/qtmm.org\/qt\/i-gasprinskiy-dogganina-160-tolgani-munasebetinen-tedbirler-baslandi\/#breadcrumb","itemListElement":[{"@type":"ListItem","position":1,"name":"\u0413\u043e\u043b\u043e\u0432\u043d\u0430","item":"https:\/\/qtmm.org\/qt\/"},{"@type":"ListItem","position":2,"name":"\u0130.Gasprinskiy do\u011f\u011fan\u0131na 160 tol\u011fan\u0131 munasebetinen tedbirler ba\u015fland\u0131"}]},{"@type":"WebSite","@id":"https:\/\/qtmm.org\/qt\/#website","url":"https:\/\/qtmm.org\/qt\/","name":"\u041c\u0435\u0434\u0436\u043b\u0456\u0441","description":"","publisher":{"@id":"https:\/\/qtmm.org\/qt\/#organization"},"potentialAction":[{"@type":"SearchAction","target":{"@type":"EntryPoint","urlTemplate":"https:\/\/qtmm.org\/qt\/?s={search_term_string}"},"query-input":{"@type":"PropertyValueSpecification","valueRequired":true,"valueName":"search_term_string"}}],"inLanguage":"qt"},{"@type":"Organization","@id":"https:\/\/qtmm.org\/qt\/#organization","name":"\u041c\u0435\u0434\u0436\u043b\u0456\u0441","url":"https:\/\/qtmm.org\/qt\/","logo":{"@type":"ImageObject","inLanguage":"qt","@id":"https:\/\/qtmm.org\/qt\/#\/schema\/logo\/image\/","url":"https:\/\/qtmm.org\/wp-content\/uploads\/2024\/12\/ua-mejlis-logo-rgb.svg","contentUrl":"https:\/\/qtmm.org\/wp-content\/uploads\/2024\/12\/ua-mejlis-logo-rgb.svg","caption":"\u041c\u0435\u0434\u0436\u043b\u0456\u0441"},"image":{"@id":"https:\/\/qtmm.org\/qt\/#\/schema\/logo\/image\/"},"sameAs":["https:\/\/www.facebook.com\/qtmm.info\/"]},{"@type":"Person","@id":"https:\/\/qtmm.org\/qt\/#\/schema\/person\/de562469f971dec226ac06e60bbf74a7","name":"Developer","image":{"@type":"ImageObject","inLanguage":"qt","@id":"https:\/\/secure.gravatar.com\/avatar\/392b4cc8fbfeb00b39dfeeab4ee6edded39ffd48e25858637e4765810300227e?s=96&d=mm&r=g","url":"https:\/\/secure.gravatar.com\/avatar\/392b4cc8fbfeb00b39dfeeab4ee6edded39ffd48e25858637e4765810300227e?s=96&d=mm&r=g","contentUrl":"https:\/\/secure.gravatar.com\/avatar\/392b4cc8fbfeb00b39dfeeab4ee6edded39ffd48e25858637e4765810300227e?s=96&d=mm&r=g","caption":"Developer"},"url":"https:\/\/qtmm.org\/qt\/author\/Developer\/"}]}},"_links":{"self":[{"href":"https:\/\/qtmm.org\/qt\/wp-json\/wp\/v2\/posts\/23450","targetHints":{"allow":["GET"]}}],"collection":[{"href":"https:\/\/qtmm.org\/qt\/wp-json\/wp\/v2\/posts"}],"about":[{"href":"https:\/\/qtmm.org\/qt\/wp-json\/wp\/v2\/types\/post"}],"author":[{"embeddable":true,"href":"https:\/\/qtmm.org\/qt\/wp-json\/wp\/v2\/users\/1"}],"replies":[{"embeddable":true,"href":"https:\/\/qtmm.org\/qt\/wp-json\/wp\/v2\/comments?post=23450"}],"version-history":[{"count":1,"href":"https:\/\/qtmm.org\/qt\/wp-json\/wp\/v2\/posts\/23450\/revisions"}],"predecessor-version":[{"id":23451,"href":"https:\/\/qtmm.org\/qt\/wp-json\/wp\/v2\/posts\/23450\/revisions\/23451"}],"wp:attachment":[{"href":"https:\/\/qtmm.org\/qt\/wp-json\/wp\/v2\/media?parent=23450"}],"wp:term":[{"taxonomy":"category","embeddable":true,"href":"https:\/\/qtmm.org\/qt\/wp-json\/wp\/v2\/categories?post=23450"},{"taxonomy":"post_tag","embeddable":true,"href":"https:\/\/qtmm.org\/qt\/wp-json\/wp\/v2\/tags?post=23450"}],"curies":[{"name":"wp","href":"https:\/\/api.w.org\/{rel}","templated":true}]}}