




{"id":23448,"date":"2011-09-17T15:55:00","date_gmt":"2011-09-17T12:55:00","guid":{"rendered":"http:\/\/qtmm.org\/?p=23448"},"modified":"2022-01-18T16:03:20","modified_gmt":"2022-01-18T13:03:20","slug":"mustafa-cemilev-ukrainadaki-yaponiya-elciligini-ziyaret-etti","status":"publish","type":"post","link":"https:\/\/qtmm.org\/qt\/mustafa-cemilev-ukrainadaki-yaponiya-elciligini-ziyaret-etti\/","title":{"rendered":"Mustafa Cemilev Ukrainadaki Yaponiya el\u00e7iligini ziyaret etti"},"content":{"rendered":"\n<p>Mustafa Cemilev Ukrainadaki Yaponiya el\u00e7iligini ziyaret etti ve Yaponiyada y\u00fcz bergen fel\u00e3ketler munasebeti ile yapon halq\u0131na \u00f6z destek ve taziyelerini bildirdi.<\/p>\n\n\n\n<p>2011 senesi 17 mart k\u00fcn\u00fc q\u0131r\u0131mtatar Meclis reisi Mustafa Cemilev Yaponiya el\u00e7iligini ziyaret etti.<\/p>\n\n\n\n<p>Ukrainada Yaponiyan\u0131\u00f1 Fevqulade ve Vek\u00e3letli el\u00e7isi \u0130dzava Tada\u015fi beynen k\u00f6r\u00fc\u015fkende Mustaf Cemilev Yaponiya imperator\u0131 Akihito bey ve Yaponiya ba\u015f-naziri Naoto Kanu beyni\u00f1 adlar\u0131na taziye mekt\u00fcb\u00fcni teslim etti.<\/p>\n\n\n\n<p>Bundan da \u011fayr\u0131, Mustafa Cemilev Ukrainada Yaponiya el\u00e7iliginde resmiy a\u00e7\u0131l\u011fan Yuva\u015f okean zelzelesi qurbanlar\u0131n\u0131\u00f1 hat\u0131ras\u0131na Matem kitab\u0131nda b\u00fct\u00fcn yapon halq\u0131na ve el\u00e3k ol\u011fanlarn\u0131\u00f1 tuv\u011fanlar\u0131na taziye s\u00f6zlerini yaz\u0131p qald\u0131rd\u0131.<\/p>\n\n\n\n<hr class=\"wp-block-separator\"\/>\n\n\n\n<p class=\"has-text-align-center\"><strong>Yaponiya \u0130mperatoru Akihito beyge<br>Yaponiya ba\u015f-naziri Naoto Kanu beyge<\/strong><\/p>\n\n\n\n<p>Tabiat fel\u00e3ketleri neticesinde yapon halq\u0131n\u0131\u00f1 tarih\u0131nda y\u00fcz bergen bu a\u011f\u0131r k\u00fcnlerde b\u00fct\u00fcn q\u0131r\u0131mtatar halq\u0131 ad\u0131ndan yapon halq\u0131na, Yaponiya akimiyetine, el\u00e3k ol\u011fanlarn\u0131\u00f1 qorantalar\u0131na teren taziyemizni bildiremiz. Tabiat afat\u0131n\u0131\u00f1 aqibetlerini ya\u015fap ke\u00e7irilmesinde yapon halq\u0131, Yaponiya akimiyeti taraf\u0131ndan numay\u0131\u015f etilgen ces\u00fcrlik ve birle\u015f\u00fcvleri Yaponiya ya\u00f1\u0131dan g\u00fcrle\u015fecegini\u00f1 ve yapon halq\u0131n\u0131\u00f1 b\u00fct\u00fcn insaniyetlikni\u00f1 inki\u015faf\u0131na b\u00fcy\u00fck isse qo\u015facaqlar\u0131n\u0131\u00f1 kefaleti ol\u011fan\u0131na eminim.<\/p>\n\n\n\n<p>S\u00fcrg\u00fcnlikten so\u00f1 \u00f6z ana vatan\u0131na qaytqan q\u0131r\u0131mtatar halq\u0131 yapon milleti i\u00e7\u00fcn bu a\u011f\u0131r k\u00fcnlerde qazalan\u011fan qorantalardan 50 adamn\u0131 qabul etmege az\u0131r ol\u011fan\u0131n\u0131 bildirem. A\u011f\u0131r s\u0131navlardan ke\u00e7mege mecbur ol\u011fan balalar bizim topraqlar\u0131m\u0131zda \u00f6zlerini rahat duymalar\u0131 i\u00e7\u00fcn elimizden kelgenini yaparm\u0131z. Olar bizde istegenleri qadar buluna bilirler, vatanda\u015flar\u0131m\u0131zn\u0131\u00f1 samimiyligi ve itaat\u0131 alt\u0131nda olurlar.<\/p>\n\n\n\n<p><strong>Q\u0131r\u0131mtatar Meclis reisi, Ukraina halq deputat\u0131 Mustafa Cemilev<br>17 mart 2011 senesi<\/strong><\/p>\n","protected":false},"excerpt":{"rendered":"<p>Mustafa Cemilev Ukrainadaki Yaponiya el\u00e7iligini ziyaret etti ve Yaponiyada y\u00fcz bergen fel\u00e3ketler munasebeti ile yapon halq\u0131na \u00f6z destek ve taziyelerini bildirdi. 2011 senesi 17 mart k\u00fcn\u00fc q\u0131r\u0131mtatar Meclis reisi Mustafa Cemilev Yaponiya el\u00e7iligini ziyaret etti. Ukrainada Yaponiyan\u0131\u00f1 Fevqulade ve Vek\u00e3letli el\u00e7isi \u0130dzava Tada\u015fi beynen k\u00f6r\u00fc\u015fkende Mustaf Cemilev Yaponiya imperator\u0131 Akihito bey ve Yaponiya ba\u015f-naziri Naoto [&hellip;]<\/p>\n","protected":false},"author":1,"featured_media":0,"comment_status":"open","ping_status":"open","sticky":false,"template":"","format":"standard","meta":{"inline_featured_image":false,"footnotes":""},"categories":[265],"tags":[],"class_list":["post-23448","post","type-post","status-publish","format-standard","hentry","category-haberler"],"acf":[],"yoast_head":"<!-- This site is optimized with the Yoast SEO plugin v27.4 - https:\/\/yoast.com\/product\/yoast-seo-wordpress\/ -->\n<title>Mustafa Cemilev Ukrainadaki Yaponiya el\u00e7iligini ziyaret etti - \u041c\u0435\u0434\u0436\u043b\u0456\u0441<\/title>\n<meta name=\"robots\" content=\"index, follow, max-snippet:-1, max-image-preview:large, max-video-preview:-1\" \/>\n<link rel=\"canonical\" href=\"https:\/\/qtmm.org\/qt\/mustafa-cemilev-ukrainadaki-yaponiya-elciligini-ziyaret-etti\/\" \/>\n<meta property=\"og:locale\" content=\"en_US\" \/>\n<meta property=\"og:type\" content=\"article\" \/>\n<meta property=\"og:title\" content=\"Mustafa Cemilev Ukrainadaki Yaponiya el\u00e7iligini ziyaret etti - \u041c\u0435\u0434\u0436\u043b\u0456\u0441\" \/>\n<meta property=\"og:description\" content=\"Mustafa Cemilev Ukrainadaki Yaponiya el\u00e7iligini ziyaret etti ve Yaponiyada y\u00fcz bergen fel\u00e3ketler munasebeti ile yapon halq\u0131na \u00f6z destek ve taziyelerini bildirdi. 2011 senesi 17 mart k\u00fcn\u00fc q\u0131r\u0131mtatar Meclis reisi Mustafa Cemilev Yaponiya el\u00e7iligini ziyaret etti. Ukrainada Yaponiyan\u0131\u00f1 Fevqulade ve Vek\u00e3letli el\u00e7isi \u0130dzava Tada\u015fi beynen k\u00f6r\u00fc\u015fkende Mustaf Cemilev Yaponiya imperator\u0131 Akihito bey ve Yaponiya ba\u015f-naziri Naoto [&hellip;]\" \/>\n<meta property=\"og:url\" content=\"https:\/\/qtmm.org\/qt\/mustafa-cemilev-ukrainadaki-yaponiya-elciligini-ziyaret-etti\/\" \/>\n<meta property=\"og:site_name\" content=\"\u041c\u0435\u0434\u0436\u043b\u0456\u0441\" \/>\n<meta property=\"article:publisher\" content=\"https:\/\/www.facebook.com\/qtmm.info\/\" \/>\n<meta property=\"article:published_time\" content=\"2011-09-17T12:55:00+00:00\" \/>\n<meta property=\"article:modified_time\" content=\"2022-01-18T13:03:20+00:00\" \/>\n<meta name=\"author\" content=\"Developer\" \/>\n<meta name=\"twitter:card\" content=\"summary_large_image\" \/>\n<meta name=\"twitter:label1\" content=\"Written by\" \/>\n\t<meta name=\"twitter:data1\" content=\"Developer\" \/>\n\t<meta name=\"twitter:label2\" content=\"Est. reading time\" \/>\n\t<meta name=\"twitter:data2\" content=\"2 minutes\" \/>\n<script type=\"application\/ld+json\" class=\"yoast-schema-graph\">{\"@context\":\"https:\\\/\\\/schema.org\",\"@graph\":[{\"@type\":\"Article\",\"@id\":\"https:\\\/\\\/qtmm.org\\\/qt\\\/mustafa-cemilev-ukrainadaki-yaponiya-elciligini-ziyaret-etti\\\/#article\",\"isPartOf\":{\"@id\":\"https:\\\/\\\/qtmm.org\\\/qt\\\/mustafa-cemilev-ukrainadaki-yaponiya-elciligini-ziyaret-etti\\\/\"},\"author\":{\"name\":\"Developer\",\"@id\":\"https:\\\/\\\/qtmm.org\\\/qt\\\/#\\\/schema\\\/person\\\/de562469f971dec226ac06e60bbf74a7\"},\"headline\":\"Mustafa Cemilev Ukrainadaki Yaponiya el\u00e7iligini ziyaret etti\",\"datePublished\":\"2011-09-17T12:55:00+00:00\",\"dateModified\":\"2022-01-18T13:03:20+00:00\",\"mainEntityOfPage\":{\"@id\":\"https:\\\/\\\/qtmm.org\\\/qt\\\/mustafa-cemilev-ukrainadaki-yaponiya-elciligini-ziyaret-etti\\\/\"},\"wordCount\":314,\"commentCount\":0,\"publisher\":{\"@id\":\"https:\\\/\\\/qtmm.org\\\/qt\\\/#organization\"},\"articleSection\":[\"Haberler\"],\"inLanguage\":\"qt\",\"potentialAction\":[{\"@type\":\"CommentAction\",\"name\":\"Comment\",\"target\":[\"https:\\\/\\\/qtmm.org\\\/qt\\\/mustafa-cemilev-ukrainadaki-yaponiya-elciligini-ziyaret-etti\\\/#respond\"]}]},{\"@type\":\"WebPage\",\"@id\":\"https:\\\/\\\/qtmm.org\\\/qt\\\/mustafa-cemilev-ukrainadaki-yaponiya-elciligini-ziyaret-etti\\\/\",\"url\":\"https:\\\/\\\/qtmm.org\\\/qt\\\/mustafa-cemilev-ukrainadaki-yaponiya-elciligini-ziyaret-etti\\\/\",\"name\":\"Mustafa Cemilev Ukrainadaki Yaponiya el\u00e7iligini ziyaret etti - \u041c\u0435\u0434\u0436\u043b\u0456\u0441\",\"isPartOf\":{\"@id\":\"https:\\\/\\\/qtmm.org\\\/qt\\\/#website\"},\"datePublished\":\"2011-09-17T12:55:00+00:00\",\"dateModified\":\"2022-01-18T13:03:20+00:00\",\"breadcrumb\":{\"@id\":\"https:\\\/\\\/qtmm.org\\\/qt\\\/mustafa-cemilev-ukrainadaki-yaponiya-elciligini-ziyaret-etti\\\/#breadcrumb\"},\"inLanguage\":\"qt\",\"potentialAction\":[{\"@type\":\"ReadAction\",\"target\":[\"https:\\\/\\\/qtmm.org\\\/qt\\\/mustafa-cemilev-ukrainadaki-yaponiya-elciligini-ziyaret-etti\\\/\"]}]},{\"@type\":\"BreadcrumbList\",\"@id\":\"https:\\\/\\\/qtmm.org\\\/qt\\\/mustafa-cemilev-ukrainadaki-yaponiya-elciligini-ziyaret-etti\\\/#breadcrumb\",\"itemListElement\":[{\"@type\":\"ListItem\",\"position\":1,\"name\":\"\u0413\u043e\u043b\u043e\u0432\u043d\u0430\",\"item\":\"https:\\\/\\\/qtmm.org\\\/qt\\\/\"},{\"@type\":\"ListItem\",\"position\":2,\"name\":\"Mustafa Cemilev Ukrainadaki Yaponiya el\u00e7iligini ziyaret etti\"}]},{\"@type\":\"WebSite\",\"@id\":\"https:\\\/\\\/qtmm.org\\\/qt\\\/#website\",\"url\":\"https:\\\/\\\/qtmm.org\\\/qt\\\/\",\"name\":\"\u041c\u0435\u0434\u0436\u043b\u0456\u0441\",\"description\":\"\",\"publisher\":{\"@id\":\"https:\\\/\\\/qtmm.org\\\/qt\\\/#organization\"},\"potentialAction\":[{\"@type\":\"SearchAction\",\"target\":{\"@type\":\"EntryPoint\",\"urlTemplate\":\"https:\\\/\\\/qtmm.org\\\/qt\\\/?s={search_term_string}\"},\"query-input\":{\"@type\":\"PropertyValueSpecification\",\"valueRequired\":true,\"valueName\":\"search_term_string\"}}],\"inLanguage\":\"qt\"},{\"@type\":\"Organization\",\"@id\":\"https:\\\/\\\/qtmm.org\\\/qt\\\/#organization\",\"name\":\"\u041c\u0435\u0434\u0436\u043b\u0456\u0441\",\"url\":\"https:\\\/\\\/qtmm.org\\\/qt\\\/\",\"logo\":{\"@type\":\"ImageObject\",\"inLanguage\":\"qt\",\"@id\":\"https:\\\/\\\/qtmm.org\\\/qt\\\/#\\\/schema\\\/logo\\\/image\\\/\",\"url\":\"https:\\\/\\\/qtmm.org\\\/wp-content\\\/uploads\\\/2024\\\/12\\\/ua-mejlis-logo-rgb.svg\",\"contentUrl\":\"https:\\\/\\\/qtmm.org\\\/wp-content\\\/uploads\\\/2024\\\/12\\\/ua-mejlis-logo-rgb.svg\",\"caption\":\"\u041c\u0435\u0434\u0436\u043b\u0456\u0441\"},\"image\":{\"@id\":\"https:\\\/\\\/qtmm.org\\\/qt\\\/#\\\/schema\\\/logo\\\/image\\\/\"},\"sameAs\":[\"https:\\\/\\\/www.facebook.com\\\/qtmm.info\\\/\"]},{\"@type\":\"Person\",\"@id\":\"https:\\\/\\\/qtmm.org\\\/qt\\\/#\\\/schema\\\/person\\\/de562469f971dec226ac06e60bbf74a7\",\"name\":\"Developer\",\"image\":{\"@type\":\"ImageObject\",\"inLanguage\":\"qt\",\"@id\":\"https:\\\/\\\/secure.gravatar.com\\\/avatar\\\/392b4cc8fbfeb00b39dfeeab4ee6edded39ffd48e25858637e4765810300227e?s=96&d=mm&r=g\",\"url\":\"https:\\\/\\\/secure.gravatar.com\\\/avatar\\\/392b4cc8fbfeb00b39dfeeab4ee6edded39ffd48e25858637e4765810300227e?s=96&d=mm&r=g\",\"contentUrl\":\"https:\\\/\\\/secure.gravatar.com\\\/avatar\\\/392b4cc8fbfeb00b39dfeeab4ee6edded39ffd48e25858637e4765810300227e?s=96&d=mm&r=g\",\"caption\":\"Developer\"},\"url\":\"https:\\\/\\\/qtmm.org\\\/qt\\\/author\\\/Developer\\\/\"}]}<\/script>\n<!-- \/ Yoast SEO plugin. -->","yoast_head_json":{"title":"Mustafa Cemilev Ukrainadaki Yaponiya el\u00e7iligini ziyaret etti - \u041c\u0435\u0434\u0436\u043b\u0456\u0441","robots":{"index":"index","follow":"follow","max-snippet":"max-snippet:-1","max-image-preview":"max-image-preview:large","max-video-preview":"max-video-preview:-1"},"canonical":"https:\/\/qtmm.org\/qt\/mustafa-cemilev-ukrainadaki-yaponiya-elciligini-ziyaret-etti\/","og_locale":"en_US","og_type":"article","og_title":"Mustafa Cemilev Ukrainadaki Yaponiya el\u00e7iligini ziyaret etti - \u041c\u0435\u0434\u0436\u043b\u0456\u0441","og_description":"Mustafa Cemilev Ukrainadaki Yaponiya el\u00e7iligini ziyaret etti ve Yaponiyada y\u00fcz bergen fel\u00e3ketler munasebeti ile yapon halq\u0131na \u00f6z destek ve taziyelerini bildirdi. 2011 senesi 17 mart k\u00fcn\u00fc q\u0131r\u0131mtatar Meclis reisi Mustafa Cemilev Yaponiya el\u00e7iligini ziyaret etti. Ukrainada Yaponiyan\u0131\u00f1 Fevqulade ve Vek\u00e3letli el\u00e7isi \u0130dzava Tada\u015fi beynen k\u00f6r\u00fc\u015fkende Mustaf Cemilev Yaponiya imperator\u0131 Akihito bey ve Yaponiya ba\u015f-naziri Naoto [&hellip;]","og_url":"https:\/\/qtmm.org\/qt\/mustafa-cemilev-ukrainadaki-yaponiya-elciligini-ziyaret-etti\/","og_site_name":"\u041c\u0435\u0434\u0436\u043b\u0456\u0441","article_publisher":"https:\/\/www.facebook.com\/qtmm.info\/","article_published_time":"2011-09-17T12:55:00+00:00","article_modified_time":"2022-01-18T13:03:20+00:00","author":"Developer","twitter_card":"summary_large_image","twitter_misc":{"Written by":"Developer","Est. reading time":"2 minutes"},"schema":{"@context":"https:\/\/schema.org","@graph":[{"@type":"Article","@id":"https:\/\/qtmm.org\/qt\/mustafa-cemilev-ukrainadaki-yaponiya-elciligini-ziyaret-etti\/#article","isPartOf":{"@id":"https:\/\/qtmm.org\/qt\/mustafa-cemilev-ukrainadaki-yaponiya-elciligini-ziyaret-etti\/"},"author":{"name":"Developer","@id":"https:\/\/qtmm.org\/qt\/#\/schema\/person\/de562469f971dec226ac06e60bbf74a7"},"headline":"Mustafa Cemilev Ukrainadaki Yaponiya el\u00e7iligini ziyaret etti","datePublished":"2011-09-17T12:55:00+00:00","dateModified":"2022-01-18T13:03:20+00:00","mainEntityOfPage":{"@id":"https:\/\/qtmm.org\/qt\/mustafa-cemilev-ukrainadaki-yaponiya-elciligini-ziyaret-etti\/"},"wordCount":314,"commentCount":0,"publisher":{"@id":"https:\/\/qtmm.org\/qt\/#organization"},"articleSection":["Haberler"],"inLanguage":"qt","potentialAction":[{"@type":"CommentAction","name":"Comment","target":["https:\/\/qtmm.org\/qt\/mustafa-cemilev-ukrainadaki-yaponiya-elciligini-ziyaret-etti\/#respond"]}]},{"@type":"WebPage","@id":"https:\/\/qtmm.org\/qt\/mustafa-cemilev-ukrainadaki-yaponiya-elciligini-ziyaret-etti\/","url":"https:\/\/qtmm.org\/qt\/mustafa-cemilev-ukrainadaki-yaponiya-elciligini-ziyaret-etti\/","name":"Mustafa Cemilev Ukrainadaki Yaponiya el\u00e7iligini ziyaret etti - \u041c\u0435\u0434\u0436\u043b\u0456\u0441","isPartOf":{"@id":"https:\/\/qtmm.org\/qt\/#website"},"datePublished":"2011-09-17T12:55:00+00:00","dateModified":"2022-01-18T13:03:20+00:00","breadcrumb":{"@id":"https:\/\/qtmm.org\/qt\/mustafa-cemilev-ukrainadaki-yaponiya-elciligini-ziyaret-etti\/#breadcrumb"},"inLanguage":"qt","potentialAction":[{"@type":"ReadAction","target":["https:\/\/qtmm.org\/qt\/mustafa-cemilev-ukrainadaki-yaponiya-elciligini-ziyaret-etti\/"]}]},{"@type":"BreadcrumbList","@id":"https:\/\/qtmm.org\/qt\/mustafa-cemilev-ukrainadaki-yaponiya-elciligini-ziyaret-etti\/#breadcrumb","itemListElement":[{"@type":"ListItem","position":1,"name":"\u0413\u043e\u043b\u043e\u0432\u043d\u0430","item":"https:\/\/qtmm.org\/qt\/"},{"@type":"ListItem","position":2,"name":"Mustafa Cemilev Ukrainadaki Yaponiya el\u00e7iligini ziyaret etti"}]},{"@type":"WebSite","@id":"https:\/\/qtmm.org\/qt\/#website","url":"https:\/\/qtmm.org\/qt\/","name":"\u041c\u0435\u0434\u0436\u043b\u0456\u0441","description":"","publisher":{"@id":"https:\/\/qtmm.org\/qt\/#organization"},"potentialAction":[{"@type":"SearchAction","target":{"@type":"EntryPoint","urlTemplate":"https:\/\/qtmm.org\/qt\/?s={search_term_string}"},"query-input":{"@type":"PropertyValueSpecification","valueRequired":true,"valueName":"search_term_string"}}],"inLanguage":"qt"},{"@type":"Organization","@id":"https:\/\/qtmm.org\/qt\/#organization","name":"\u041c\u0435\u0434\u0436\u043b\u0456\u0441","url":"https:\/\/qtmm.org\/qt\/","logo":{"@type":"ImageObject","inLanguage":"qt","@id":"https:\/\/qtmm.org\/qt\/#\/schema\/logo\/image\/","url":"https:\/\/qtmm.org\/wp-content\/uploads\/2024\/12\/ua-mejlis-logo-rgb.svg","contentUrl":"https:\/\/qtmm.org\/wp-content\/uploads\/2024\/12\/ua-mejlis-logo-rgb.svg","caption":"\u041c\u0435\u0434\u0436\u043b\u0456\u0441"},"image":{"@id":"https:\/\/qtmm.org\/qt\/#\/schema\/logo\/image\/"},"sameAs":["https:\/\/www.facebook.com\/qtmm.info\/"]},{"@type":"Person","@id":"https:\/\/qtmm.org\/qt\/#\/schema\/person\/de562469f971dec226ac06e60bbf74a7","name":"Developer","image":{"@type":"ImageObject","inLanguage":"qt","@id":"https:\/\/secure.gravatar.com\/avatar\/392b4cc8fbfeb00b39dfeeab4ee6edded39ffd48e25858637e4765810300227e?s=96&d=mm&r=g","url":"https:\/\/secure.gravatar.com\/avatar\/392b4cc8fbfeb00b39dfeeab4ee6edded39ffd48e25858637e4765810300227e?s=96&d=mm&r=g","contentUrl":"https:\/\/secure.gravatar.com\/avatar\/392b4cc8fbfeb00b39dfeeab4ee6edded39ffd48e25858637e4765810300227e?s=96&d=mm&r=g","caption":"Developer"},"url":"https:\/\/qtmm.org\/qt\/author\/Developer\/"}]}},"_links":{"self":[{"href":"https:\/\/qtmm.org\/qt\/wp-json\/wp\/v2\/posts\/23448","targetHints":{"allow":["GET"]}}],"collection":[{"href":"https:\/\/qtmm.org\/qt\/wp-json\/wp\/v2\/posts"}],"about":[{"href":"https:\/\/qtmm.org\/qt\/wp-json\/wp\/v2\/types\/post"}],"author":[{"embeddable":true,"href":"https:\/\/qtmm.org\/qt\/wp-json\/wp\/v2\/users\/1"}],"replies":[{"embeddable":true,"href":"https:\/\/qtmm.org\/qt\/wp-json\/wp\/v2\/comments?post=23448"}],"version-history":[{"count":1,"href":"https:\/\/qtmm.org\/qt\/wp-json\/wp\/v2\/posts\/23448\/revisions"}],"predecessor-version":[{"id":23449,"href":"https:\/\/qtmm.org\/qt\/wp-json\/wp\/v2\/posts\/23448\/revisions\/23449"}],"wp:attachment":[{"href":"https:\/\/qtmm.org\/qt\/wp-json\/wp\/v2\/media?parent=23448"}],"wp:term":[{"taxonomy":"category","embeddable":true,"href":"https:\/\/qtmm.org\/qt\/wp-json\/wp\/v2\/categories?post=23448"},{"taxonomy":"post_tag","embeddable":true,"href":"https:\/\/qtmm.org\/qt\/wp-json\/wp\/v2\/tags?post=23448"}],"curies":[{"name":"wp","href":"https:\/\/api.w.org\/{rel}","templated":true}]}}