




{"id":23446,"date":"2011-09-17T15:53:00","date_gmt":"2011-09-17T12:53:00","guid":{"rendered":"http:\/\/qtmm.org\/?p=23446"},"modified":"2022-01-18T15:54:38","modified_gmt":"2022-01-18T12:54:38","slug":"ali-hamzin-ve-zair-smedlayev-lubos-veseli-ile-korustiler","status":"publish","type":"post","link":"https:\/\/qtmm.org\/qt\/ali-hamzin-ve-zair-smedlayev-lubos-veseli-ile-korustiler\/","title":{"rendered":"Ali Hamzin ve Zair Smedl\u00e2yev L\u00fcbo\u015f Vesel\u0131 ile k\u00f6r\u00fc\u015ftiler"},"content":{"rendered":"\n<p>Mart 17 k\u00fcn\u00fc Milliy Meclis ofisinde Milliy Meclis azalar\u0131 Ali Hamzin ve Zair Smedl\u00e2yev Ukrainadaki \u00c7ehiya Cumhuriyet el\u00e7ihanesini\u00f1 siyaset sualleri boyunca mesleat\u00e7\u0131s\u0131 L\u00fcbo\u015f Vesel\u0131 ile k\u00f6r\u00fc\u015ftiler.<\/p>\n\n\n\n<p>K\u00f6r\u00fc\u015f\u00fcv devam\u0131nda q\u0131r\u0131mtatar halq\u0131n\u0131\u00f1 al\u0131 muzakere etiler eken, musafirni topraq meselesi boyunca birinci ad\u0131mlar yap\u0131lmas\u0131 aqq\u0131nda mal\u00fcmat ile tan\u0131\u015ft\u0131rd\u0131lar. Ay\u0131r\u0131 \u015fekilde q\u0131r\u0131mtatar halq\u0131n\u0131\u00f1 aq-uquqlar\u0131 qor\u00e7alav ve ya\u00f1\u0131dan tiklemesi maqsad\u0131nen \u00f6tkerilecek Halqara Forum\u0131n\u0131\u00f1 az\u0131rlanuv\u0131 boyunca sualler baq\u0131ld\u0131.<\/p>\n\n\n\n<p>Eki taraf Ukrainada Halqara Forum\u0131 ba\u015flamazdan evel Ukrainada ol\u011fan \u00e7etel devletlerni\u00f1 vekilleri ve halqara te\u015fkil\u00e2tlar\u0131ndan ibaret ol\u011fan t\u00f6gerek masan\u0131 \u00f6tkermek keregini bildirdiler. Bu t\u00f6gerek masada Forumdan evel anda baq\u0131lacaq bir s\u0131ra suallerni\u00f1 muzakere etilmesine qarar\u011fa keldiler.<\/p>\n\n\n\n<p>\u015eu k\u00fcn\u00fc k\u00f6r\u00fc\u015f\u00fcv i\u015ftirak\u00e7ileri Yaltinskaya, 22 soqa\u011f\u0131nda qurulacaq Cuma Cami yerine barar eken, Ukrainadaki \u00c7ehiya Cumhuriyet el\u00e7ihanesini\u00f1 siyaset sualleri boyunca mesleat\u00e7\u0131s\u0131 seslen\u00fcv kitab\u0131nda \u00f6z tileklerini yaz\u0131p qald\u0131rd\u0131 ve hat\u0131ra i\u00e7\u00fcn fotoresim \u00e7\u0131qard\u0131.<\/p>\n","protected":false},"excerpt":{"rendered":"<p>Mart 17 k\u00fcn\u00fc Milliy Meclis ofisinde Milliy Meclis azalar\u0131 Ali Hamzin ve Zair Smedl\u00e2yev Ukrainadaki \u00c7ehiya Cumhuriyet el\u00e7ihanesini\u00f1 siyaset sualleri boyunca mesleat\u00e7\u0131s\u0131 L\u00fcbo\u015f Vesel\u0131 ile k\u00f6r\u00fc\u015ftiler. K\u00f6r\u00fc\u015f\u00fcv devam\u0131nda q\u0131r\u0131mtatar halq\u0131n\u0131\u00f1 al\u0131 muzakere etiler eken, musafirni topraq meselesi boyunca birinci ad\u0131mlar yap\u0131lmas\u0131 aqq\u0131nda mal\u00fcmat ile tan\u0131\u015ft\u0131rd\u0131lar. Ay\u0131r\u0131 \u015fekilde q\u0131r\u0131mtatar halq\u0131n\u0131\u00f1 aq-uquqlar\u0131 qor\u00e7alav ve ya\u00f1\u0131dan tiklemesi maqsad\u0131nen [&hellip;]<\/p>\n","protected":false},"author":1,"featured_media":0,"comment_status":"open","ping_status":"open","sticky":false,"template":"","format":"standard","meta":{"inline_featured_image":false,"footnotes":""},"categories":[265],"tags":[],"class_list":["post-23446","post","type-post","status-publish","format-standard","hentry","category-haberler"],"acf":[],"yoast_head":"<!-- This site is optimized with the Yoast SEO plugin v27.4 - https:\/\/yoast.com\/product\/yoast-seo-wordpress\/ -->\n<title>Ali Hamzin ve Zair Smedl\u00e2yev L\u00fcbo\u015f Vesel\u0131 ile k\u00f6r\u00fc\u015ftiler - \u041c\u0435\u0434\u0436\u043b\u0456\u0441<\/title>\n<meta name=\"robots\" content=\"index, follow, max-snippet:-1, max-image-preview:large, max-video-preview:-1\" \/>\n<link rel=\"canonical\" href=\"https:\/\/qtmm.org\/qt\/ali-hamzin-ve-zair-smedlayev-lubos-veseli-ile-korustiler\/\" \/>\n<meta property=\"og:locale\" content=\"en_US\" \/>\n<meta property=\"og:type\" content=\"article\" \/>\n<meta property=\"og:title\" content=\"Ali Hamzin ve Zair Smedl\u00e2yev L\u00fcbo\u015f Vesel\u0131 ile k\u00f6r\u00fc\u015ftiler - \u041c\u0435\u0434\u0436\u043b\u0456\u0441\" \/>\n<meta property=\"og:description\" content=\"Mart 17 k\u00fcn\u00fc Milliy Meclis ofisinde Milliy Meclis azalar\u0131 Ali Hamzin ve Zair Smedl\u00e2yev Ukrainadaki \u00c7ehiya Cumhuriyet el\u00e7ihanesini\u00f1 siyaset sualleri boyunca mesleat\u00e7\u0131s\u0131 L\u00fcbo\u015f Vesel\u0131 ile k\u00f6r\u00fc\u015ftiler. K\u00f6r\u00fc\u015f\u00fcv devam\u0131nda q\u0131r\u0131mtatar halq\u0131n\u0131\u00f1 al\u0131 muzakere etiler eken, musafirni topraq meselesi boyunca birinci ad\u0131mlar yap\u0131lmas\u0131 aqq\u0131nda mal\u00fcmat ile tan\u0131\u015ft\u0131rd\u0131lar. Ay\u0131r\u0131 \u015fekilde q\u0131r\u0131mtatar halq\u0131n\u0131\u00f1 aq-uquqlar\u0131 qor\u00e7alav ve ya\u00f1\u0131dan tiklemesi maqsad\u0131nen [&hellip;]\" \/>\n<meta property=\"og:url\" content=\"https:\/\/qtmm.org\/qt\/ali-hamzin-ve-zair-smedlayev-lubos-veseli-ile-korustiler\/\" \/>\n<meta property=\"og:site_name\" content=\"\u041c\u0435\u0434\u0436\u043b\u0456\u0441\" \/>\n<meta property=\"article:publisher\" content=\"https:\/\/www.facebook.com\/qtmm.info\/\" \/>\n<meta property=\"article:published_time\" content=\"2011-09-17T12:53:00+00:00\" \/>\n<meta property=\"article:modified_time\" content=\"2022-01-18T12:54:38+00:00\" \/>\n<meta name=\"author\" content=\"Developer\" \/>\n<meta name=\"twitter:card\" content=\"summary_large_image\" \/>\n<meta name=\"twitter:label1\" content=\"Written by\" \/>\n\t<meta name=\"twitter:data1\" content=\"Developer\" \/>\n\t<meta name=\"twitter:label2\" content=\"Est. reading time\" \/>\n\t<meta name=\"twitter:data2\" content=\"1 minute\" \/>\n<script type=\"application\/ld+json\" class=\"yoast-schema-graph\">{\"@context\":\"https:\\\/\\\/schema.org\",\"@graph\":[{\"@type\":\"Article\",\"@id\":\"https:\\\/\\\/qtmm.org\\\/qt\\\/ali-hamzin-ve-zair-smedlayev-lubos-veseli-ile-korustiler\\\/#article\",\"isPartOf\":{\"@id\":\"https:\\\/\\\/qtmm.org\\\/qt\\\/ali-hamzin-ve-zair-smedlayev-lubos-veseli-ile-korustiler\\\/\"},\"author\":{\"name\":\"Developer\",\"@id\":\"https:\\\/\\\/qtmm.org\\\/qt\\\/#\\\/schema\\\/person\\\/de562469f971dec226ac06e60bbf74a7\"},\"headline\":\"Ali Hamzin ve Zair Smedl\u00e2yev L\u00fcbo\u015f Vesel\u0131 ile k\u00f6r\u00fc\u015ftiler\",\"datePublished\":\"2011-09-17T12:53:00+00:00\",\"dateModified\":\"2022-01-18T12:54:38+00:00\",\"mainEntityOfPage\":{\"@id\":\"https:\\\/\\\/qtmm.org\\\/qt\\\/ali-hamzin-ve-zair-smedlayev-lubos-veseli-ile-korustiler\\\/\"},\"wordCount\":196,\"commentCount\":0,\"publisher\":{\"@id\":\"https:\\\/\\\/qtmm.org\\\/qt\\\/#organization\"},\"articleSection\":[\"Haberler\"],\"inLanguage\":\"qt\",\"potentialAction\":[{\"@type\":\"CommentAction\",\"name\":\"Comment\",\"target\":[\"https:\\\/\\\/qtmm.org\\\/qt\\\/ali-hamzin-ve-zair-smedlayev-lubos-veseli-ile-korustiler\\\/#respond\"]}]},{\"@type\":\"WebPage\",\"@id\":\"https:\\\/\\\/qtmm.org\\\/qt\\\/ali-hamzin-ve-zair-smedlayev-lubos-veseli-ile-korustiler\\\/\",\"url\":\"https:\\\/\\\/qtmm.org\\\/qt\\\/ali-hamzin-ve-zair-smedlayev-lubos-veseli-ile-korustiler\\\/\",\"name\":\"Ali Hamzin ve Zair Smedl\u00e2yev L\u00fcbo\u015f Vesel\u0131 ile k\u00f6r\u00fc\u015ftiler - \u041c\u0435\u0434\u0436\u043b\u0456\u0441\",\"isPartOf\":{\"@id\":\"https:\\\/\\\/qtmm.org\\\/qt\\\/#website\"},\"datePublished\":\"2011-09-17T12:53:00+00:00\",\"dateModified\":\"2022-01-18T12:54:38+00:00\",\"breadcrumb\":{\"@id\":\"https:\\\/\\\/qtmm.org\\\/qt\\\/ali-hamzin-ve-zair-smedlayev-lubos-veseli-ile-korustiler\\\/#breadcrumb\"},\"inLanguage\":\"qt\",\"potentialAction\":[{\"@type\":\"ReadAction\",\"target\":[\"https:\\\/\\\/qtmm.org\\\/qt\\\/ali-hamzin-ve-zair-smedlayev-lubos-veseli-ile-korustiler\\\/\"]}]},{\"@type\":\"BreadcrumbList\",\"@id\":\"https:\\\/\\\/qtmm.org\\\/qt\\\/ali-hamzin-ve-zair-smedlayev-lubos-veseli-ile-korustiler\\\/#breadcrumb\",\"itemListElement\":[{\"@type\":\"ListItem\",\"position\":1,\"name\":\"\u0413\u043e\u043b\u043e\u0432\u043d\u0430\",\"item\":\"https:\\\/\\\/qtmm.org\\\/qt\\\/\"},{\"@type\":\"ListItem\",\"position\":2,\"name\":\"Ali Hamzin ve Zair Smedl\u00e2yev L\u00fcbo\u015f Vesel\u0131 ile k\u00f6r\u00fc\u015ftiler\"}]},{\"@type\":\"WebSite\",\"@id\":\"https:\\\/\\\/qtmm.org\\\/qt\\\/#website\",\"url\":\"https:\\\/\\\/qtmm.org\\\/qt\\\/\",\"name\":\"\u041c\u0435\u0434\u0436\u043b\u0456\u0441\",\"description\":\"\",\"publisher\":{\"@id\":\"https:\\\/\\\/qtmm.org\\\/qt\\\/#organization\"},\"potentialAction\":[{\"@type\":\"SearchAction\",\"target\":{\"@type\":\"EntryPoint\",\"urlTemplate\":\"https:\\\/\\\/qtmm.org\\\/qt\\\/?s={search_term_string}\"},\"query-input\":{\"@type\":\"PropertyValueSpecification\",\"valueRequired\":true,\"valueName\":\"search_term_string\"}}],\"inLanguage\":\"qt\"},{\"@type\":\"Organization\",\"@id\":\"https:\\\/\\\/qtmm.org\\\/qt\\\/#organization\",\"name\":\"\u041c\u0435\u0434\u0436\u043b\u0456\u0441\",\"url\":\"https:\\\/\\\/qtmm.org\\\/qt\\\/\",\"logo\":{\"@type\":\"ImageObject\",\"inLanguage\":\"qt\",\"@id\":\"https:\\\/\\\/qtmm.org\\\/qt\\\/#\\\/schema\\\/logo\\\/image\\\/\",\"url\":\"https:\\\/\\\/qtmm.org\\\/wp-content\\\/uploads\\\/2024\\\/12\\\/ua-mejlis-logo-rgb.svg\",\"contentUrl\":\"https:\\\/\\\/qtmm.org\\\/wp-content\\\/uploads\\\/2024\\\/12\\\/ua-mejlis-logo-rgb.svg\",\"caption\":\"\u041c\u0435\u0434\u0436\u043b\u0456\u0441\"},\"image\":{\"@id\":\"https:\\\/\\\/qtmm.org\\\/qt\\\/#\\\/schema\\\/logo\\\/image\\\/\"},\"sameAs\":[\"https:\\\/\\\/www.facebook.com\\\/qtmm.info\\\/\"]},{\"@type\":\"Person\",\"@id\":\"https:\\\/\\\/qtmm.org\\\/qt\\\/#\\\/schema\\\/person\\\/de562469f971dec226ac06e60bbf74a7\",\"name\":\"Developer\",\"image\":{\"@type\":\"ImageObject\",\"inLanguage\":\"qt\",\"@id\":\"https:\\\/\\\/secure.gravatar.com\\\/avatar\\\/392b4cc8fbfeb00b39dfeeab4ee6edded39ffd48e25858637e4765810300227e?s=96&d=mm&r=g\",\"url\":\"https:\\\/\\\/secure.gravatar.com\\\/avatar\\\/392b4cc8fbfeb00b39dfeeab4ee6edded39ffd48e25858637e4765810300227e?s=96&d=mm&r=g\",\"contentUrl\":\"https:\\\/\\\/secure.gravatar.com\\\/avatar\\\/392b4cc8fbfeb00b39dfeeab4ee6edded39ffd48e25858637e4765810300227e?s=96&d=mm&r=g\",\"caption\":\"Developer\"},\"url\":\"https:\\\/\\\/qtmm.org\\\/qt\\\/author\\\/Developer\\\/\"}]}<\/script>\n<!-- \/ Yoast SEO plugin. -->","yoast_head_json":{"title":"Ali Hamzin ve Zair Smedl\u00e2yev L\u00fcbo\u015f Vesel\u0131 ile k\u00f6r\u00fc\u015ftiler - \u041c\u0435\u0434\u0436\u043b\u0456\u0441","robots":{"index":"index","follow":"follow","max-snippet":"max-snippet:-1","max-image-preview":"max-image-preview:large","max-video-preview":"max-video-preview:-1"},"canonical":"https:\/\/qtmm.org\/qt\/ali-hamzin-ve-zair-smedlayev-lubos-veseli-ile-korustiler\/","og_locale":"en_US","og_type":"article","og_title":"Ali Hamzin ve Zair Smedl\u00e2yev L\u00fcbo\u015f Vesel\u0131 ile k\u00f6r\u00fc\u015ftiler - \u041c\u0435\u0434\u0436\u043b\u0456\u0441","og_description":"Mart 17 k\u00fcn\u00fc Milliy Meclis ofisinde Milliy Meclis azalar\u0131 Ali Hamzin ve Zair Smedl\u00e2yev Ukrainadaki \u00c7ehiya Cumhuriyet el\u00e7ihanesini\u00f1 siyaset sualleri boyunca mesleat\u00e7\u0131s\u0131 L\u00fcbo\u015f Vesel\u0131 ile k\u00f6r\u00fc\u015ftiler. K\u00f6r\u00fc\u015f\u00fcv devam\u0131nda q\u0131r\u0131mtatar halq\u0131n\u0131\u00f1 al\u0131 muzakere etiler eken, musafirni topraq meselesi boyunca birinci ad\u0131mlar yap\u0131lmas\u0131 aqq\u0131nda mal\u00fcmat ile tan\u0131\u015ft\u0131rd\u0131lar. Ay\u0131r\u0131 \u015fekilde q\u0131r\u0131mtatar halq\u0131n\u0131\u00f1 aq-uquqlar\u0131 qor\u00e7alav ve ya\u00f1\u0131dan tiklemesi maqsad\u0131nen [&hellip;]","og_url":"https:\/\/qtmm.org\/qt\/ali-hamzin-ve-zair-smedlayev-lubos-veseli-ile-korustiler\/","og_site_name":"\u041c\u0435\u0434\u0436\u043b\u0456\u0441","article_publisher":"https:\/\/www.facebook.com\/qtmm.info\/","article_published_time":"2011-09-17T12:53:00+00:00","article_modified_time":"2022-01-18T12:54:38+00:00","author":"Developer","twitter_card":"summary_large_image","twitter_misc":{"Written by":"Developer","Est. reading time":"1 minute"},"schema":{"@context":"https:\/\/schema.org","@graph":[{"@type":"Article","@id":"https:\/\/qtmm.org\/qt\/ali-hamzin-ve-zair-smedlayev-lubos-veseli-ile-korustiler\/#article","isPartOf":{"@id":"https:\/\/qtmm.org\/qt\/ali-hamzin-ve-zair-smedlayev-lubos-veseli-ile-korustiler\/"},"author":{"name":"Developer","@id":"https:\/\/qtmm.org\/qt\/#\/schema\/person\/de562469f971dec226ac06e60bbf74a7"},"headline":"Ali Hamzin ve Zair Smedl\u00e2yev L\u00fcbo\u015f Vesel\u0131 ile k\u00f6r\u00fc\u015ftiler","datePublished":"2011-09-17T12:53:00+00:00","dateModified":"2022-01-18T12:54:38+00:00","mainEntityOfPage":{"@id":"https:\/\/qtmm.org\/qt\/ali-hamzin-ve-zair-smedlayev-lubos-veseli-ile-korustiler\/"},"wordCount":196,"commentCount":0,"publisher":{"@id":"https:\/\/qtmm.org\/qt\/#organization"},"articleSection":["Haberler"],"inLanguage":"qt","potentialAction":[{"@type":"CommentAction","name":"Comment","target":["https:\/\/qtmm.org\/qt\/ali-hamzin-ve-zair-smedlayev-lubos-veseli-ile-korustiler\/#respond"]}]},{"@type":"WebPage","@id":"https:\/\/qtmm.org\/qt\/ali-hamzin-ve-zair-smedlayev-lubos-veseli-ile-korustiler\/","url":"https:\/\/qtmm.org\/qt\/ali-hamzin-ve-zair-smedlayev-lubos-veseli-ile-korustiler\/","name":"Ali Hamzin ve Zair Smedl\u00e2yev L\u00fcbo\u015f Vesel\u0131 ile k\u00f6r\u00fc\u015ftiler - \u041c\u0435\u0434\u0436\u043b\u0456\u0441","isPartOf":{"@id":"https:\/\/qtmm.org\/qt\/#website"},"datePublished":"2011-09-17T12:53:00+00:00","dateModified":"2022-01-18T12:54:38+00:00","breadcrumb":{"@id":"https:\/\/qtmm.org\/qt\/ali-hamzin-ve-zair-smedlayev-lubos-veseli-ile-korustiler\/#breadcrumb"},"inLanguage":"qt","potentialAction":[{"@type":"ReadAction","target":["https:\/\/qtmm.org\/qt\/ali-hamzin-ve-zair-smedlayev-lubos-veseli-ile-korustiler\/"]}]},{"@type":"BreadcrumbList","@id":"https:\/\/qtmm.org\/qt\/ali-hamzin-ve-zair-smedlayev-lubos-veseli-ile-korustiler\/#breadcrumb","itemListElement":[{"@type":"ListItem","position":1,"name":"\u0413\u043e\u043b\u043e\u0432\u043d\u0430","item":"https:\/\/qtmm.org\/qt\/"},{"@type":"ListItem","position":2,"name":"Ali Hamzin ve Zair Smedl\u00e2yev L\u00fcbo\u015f Vesel\u0131 ile k\u00f6r\u00fc\u015ftiler"}]},{"@type":"WebSite","@id":"https:\/\/qtmm.org\/qt\/#website","url":"https:\/\/qtmm.org\/qt\/","name":"\u041c\u0435\u0434\u0436\u043b\u0456\u0441","description":"","publisher":{"@id":"https:\/\/qtmm.org\/qt\/#organization"},"potentialAction":[{"@type":"SearchAction","target":{"@type":"EntryPoint","urlTemplate":"https:\/\/qtmm.org\/qt\/?s={search_term_string}"},"query-input":{"@type":"PropertyValueSpecification","valueRequired":true,"valueName":"search_term_string"}}],"inLanguage":"qt"},{"@type":"Organization","@id":"https:\/\/qtmm.org\/qt\/#organization","name":"\u041c\u0435\u0434\u0436\u043b\u0456\u0441","url":"https:\/\/qtmm.org\/qt\/","logo":{"@type":"ImageObject","inLanguage":"qt","@id":"https:\/\/qtmm.org\/qt\/#\/schema\/logo\/image\/","url":"https:\/\/qtmm.org\/wp-content\/uploads\/2024\/12\/ua-mejlis-logo-rgb.svg","contentUrl":"https:\/\/qtmm.org\/wp-content\/uploads\/2024\/12\/ua-mejlis-logo-rgb.svg","caption":"\u041c\u0435\u0434\u0436\u043b\u0456\u0441"},"image":{"@id":"https:\/\/qtmm.org\/qt\/#\/schema\/logo\/image\/"},"sameAs":["https:\/\/www.facebook.com\/qtmm.info\/"]},{"@type":"Person","@id":"https:\/\/qtmm.org\/qt\/#\/schema\/person\/de562469f971dec226ac06e60bbf74a7","name":"Developer","image":{"@type":"ImageObject","inLanguage":"qt","@id":"https:\/\/secure.gravatar.com\/avatar\/392b4cc8fbfeb00b39dfeeab4ee6edded39ffd48e25858637e4765810300227e?s=96&d=mm&r=g","url":"https:\/\/secure.gravatar.com\/avatar\/392b4cc8fbfeb00b39dfeeab4ee6edded39ffd48e25858637e4765810300227e?s=96&d=mm&r=g","contentUrl":"https:\/\/secure.gravatar.com\/avatar\/392b4cc8fbfeb00b39dfeeab4ee6edded39ffd48e25858637e4765810300227e?s=96&d=mm&r=g","caption":"Developer"},"url":"https:\/\/qtmm.org\/qt\/author\/Developer\/"}]}},"_links":{"self":[{"href":"https:\/\/qtmm.org\/qt\/wp-json\/wp\/v2\/posts\/23446","targetHints":{"allow":["GET"]}}],"collection":[{"href":"https:\/\/qtmm.org\/qt\/wp-json\/wp\/v2\/posts"}],"about":[{"href":"https:\/\/qtmm.org\/qt\/wp-json\/wp\/v2\/types\/post"}],"author":[{"embeddable":true,"href":"https:\/\/qtmm.org\/qt\/wp-json\/wp\/v2\/users\/1"}],"replies":[{"embeddable":true,"href":"https:\/\/qtmm.org\/qt\/wp-json\/wp\/v2\/comments?post=23446"}],"version-history":[{"count":1,"href":"https:\/\/qtmm.org\/qt\/wp-json\/wp\/v2\/posts\/23446\/revisions"}],"predecessor-version":[{"id":23447,"href":"https:\/\/qtmm.org\/qt\/wp-json\/wp\/v2\/posts\/23446\/revisions\/23447"}],"wp:attachment":[{"href":"https:\/\/qtmm.org\/qt\/wp-json\/wp\/v2\/media?parent=23446"}],"wp:term":[{"taxonomy":"category","embeddable":true,"href":"https:\/\/qtmm.org\/qt\/wp-json\/wp\/v2\/categories?post=23446"},{"taxonomy":"post_tag","embeddable":true,"href":"https:\/\/qtmm.org\/qt\/wp-json\/wp\/v2\/tags?post=23446"}],"curies":[{"name":"wp","href":"https:\/\/api.w.org\/{rel}","templated":true}]}}