




{"id":23444,"date":"2011-09-03T15:52:00","date_gmt":"2011-09-03T12:52:00","guid":{"rendered":"http:\/\/qtmm.org\/?p=23444"},"modified":"2022-01-18T15:53:31","modified_gmt":"2022-01-18T12:53:31","slug":"nenkecan-qadinlar-icun-dergisinin-taqdimnamesi","status":"publish","type":"post","link":"https:\/\/qtmm.org\/qt\/nenkecan-qadinlar-icun-dergisinin-taqdimnamesi\/","title":{"rendered":"\u00abNenkecan\u00bb qad\u0131nlar i\u00e7\u00fcn dergisini\u00f1 taqdimnamesi"},"content":{"rendered":"\n<p>2011 senesi 3 mart k\u00fcn\u00fc Q\u0131r\u0131m m\u00fchendislik pedagogika \u00fcniverstetini\u00f1 konferents \u2013zal\u0131nda t\u00fcrk d\u00fcnyas\u0131nda \u00abAlem-i Nisvan\u00bb adl\u0131 ilk qad\u0131nlar dergisini\u00f1 105-y\u0131ll\u0131\u011f\u0131na ba\u011f\u0131\u015flan\u011fan ilmiy-ameliy konferentsiyas\u0131 ke\u00e7irildi.<\/p>\n\n\n\n<p>Mezk\u00fcr konferentsiyada \u2018Nenkecan qad\u0131nlar klubu\u2019 cemaat te\u015fkil\u00e3t\u0131 taraf\u0131ndan latin urufat\u0131nda ne\u015fir etilgen \u2018Nenkecan\u2019 q\u0131r\u0131mtatar qad\u0131n dergisini\u00f1 taqdimi ol\u0131p ke\u00e7ti.<\/p>\n\n\n\n<p>Konferents\u0131yas\u0131n\u0131\u00f1 tantanal\u0131 q\u0131sm\u0131nda QMP\u00dc-ni\u00f1 rektor\u0131 Fevzi Yakubov, q\u0131r\u0131mtatar Meclis reisi Mustafa Cemilev, Bursa \u015feer ba\u015f\u0131n\u0131\u00f1 temsili Muhsin \u00d6zl\u00fckurt, Bursa \u015feeri q\u0131r\u0131mtatar dernegini\u00f1 yolba\u015f\u00e7\u0131s\u0131 Adnan S\u00fcyen, QMC milletler komitetni\u00f1 reisi Edem Dudakov, q\u0131r\u0131mtatar qad\u0131n-q\u0131zlar ligas\u0131n\u0131\u00f1 reisi Safinar Cemileva, professor, filologiya ilimler doktor\u0131 \u0130smail kerimov, Rusiyeli kollekts\u0131oner Nizami \u0130braimov, \u00abQ\u0131r\u0131mda qad\u0131nlar liderligi\u00bb leyhas\u0131n\u0131\u00f1 kordinator\u0131 Zarema Hayredinova al\u011f\u0131\u015f s\u00f6zleri ile \u00e7\u0131q\u0131\u015fta bulund\u0131lar.<\/p>\n\n\n\n<p>Muarriyetini i\u00e7timaiy- publitsistik ve bediy dergisini\u00f1 ilk san\u0131 ile hay\u0131rlar eken, Meclis reisi Mustafa Cemilev b\u00f6yle aytt\u0131: \u00abBiz latin urufat\u0131na ke\u00e7mekni\u00f1 zarurl\u0131\u011f\u0131 aqq\u0131nda defalar\u011fa s\u00fcbetle\u015fe, \u00e7e\u015fit konferentsiyalar ve diger tedbirlerni ke\u00e7irdik. \u00abNenkecan\u00bb dergini\u00f1 eyeti bu yolda ilk ameliy ad\u0131mn\u0131 att\u0131lar.\u00bb<\/p>\n\n\n\n<p>Konferentsiyada filologiya ilimler namzeti Leniyar Selimova, f.l.n. Gayana Y\u00fcksel, f.l.n.Fera Seferova, pedagogika ilimler namzeti Enise Abibullayeva, TM\u00dc q\u0131r\u0131mtatar edebiyat kafedras\u0131n\u0131\u00f1 ocas\u0131 G\u00fclnar Seitvaniyeva, QMP\u00dc-ni\u00f1 q\u0131r\u0131mtatar ve t\u00fcrk edebiyat\u0131n\u0131 kafedras\u0131n\u0131\u00f1 ocas\u0131 Abl\u00e3ziz Veliyevni\u00f1, QMP\u00dc-ni\u00f1 q\u0131r\u0131mtatar ve t\u00fcrk til\u015f\u0131nasl\u0131q kafedras\u0131n\u0131\u00f1 ocas\u0131 Mil\u00e3ra Settarova, QMP\u00dc-ni\u00f1 q\u0131r\u0131mtatar ve t\u00fcrk edebiyat\u0131 kafedras\u0131n\u0131\u00f1 aspirant\u0131 Asan Muradas\u0131lovn\u0131\u00f1 maruzalar\u0131 di\u00f1lenildi.<\/p>\n\n\n\n<p><em><strong>Mal\u00fcmat i\u00e7\u00fcn:<\/strong><\/em><\/p>\n\n\n\n<p>\u00abNenkecan\u00bb dergisini\u00f1 ba\u015f muarriri \u00abNenkecan\u00bb qad\u0131nlar klubu\u2019n\u0131\u00f1 reisi Z\u0435ra Bekirovad\u0131r.<\/p>\n","protected":false},"excerpt":{"rendered":"<p>2011 senesi 3 mart k\u00fcn\u00fc Q\u0131r\u0131m m\u00fchendislik pedagogika \u00fcniverstetini\u00f1 konferents \u2013zal\u0131nda t\u00fcrk d\u00fcnyas\u0131nda \u00abAlem-i Nisvan\u00bb adl\u0131 ilk qad\u0131nlar dergisini\u00f1 105-y\u0131ll\u0131\u011f\u0131na ba\u011f\u0131\u015flan\u011fan ilmiy-ameliy konferentsiyas\u0131 ke\u00e7irildi. Mezk\u00fcr konferentsiyada \u2018Nenkecan qad\u0131nlar klubu\u2019 cemaat te\u015fkil\u00e3t\u0131 taraf\u0131ndan latin urufat\u0131nda ne\u015fir etilgen \u2018Nenkecan\u2019 q\u0131r\u0131mtatar qad\u0131n dergisini\u00f1 taqdimi ol\u0131p ke\u00e7ti. Konferents\u0131yas\u0131n\u0131\u00f1 tantanal\u0131 q\u0131sm\u0131nda QMP\u00dc-ni\u00f1 rektor\u0131 Fevzi Yakubov, q\u0131r\u0131mtatar Meclis reisi Mustafa Cemilev, [&hellip;]<\/p>\n","protected":false},"author":1,"featured_media":0,"comment_status":"open","ping_status":"open","sticky":false,"template":"","format":"standard","meta":{"inline_featured_image":false,"footnotes":""},"categories":[265],"tags":[],"class_list":["post-23444","post","type-post","status-publish","format-standard","hentry","category-haberler"],"acf":[],"yoast_head":"<!-- This site is optimized with the Yoast SEO plugin v27.4 - https:\/\/yoast.com\/product\/yoast-seo-wordpress\/ -->\n<title>\u00abNenkecan\u00bb qad\u0131nlar i\u00e7\u00fcn dergisini\u00f1 taqdimnamesi - \u041c\u0435\u0434\u0436\u043b\u0456\u0441<\/title>\n<meta name=\"robots\" content=\"index, follow, max-snippet:-1, max-image-preview:large, max-video-preview:-1\" \/>\n<link rel=\"canonical\" href=\"https:\/\/qtmm.org\/qt\/nenkecan-qadinlar-icun-dergisinin-taqdimnamesi\/\" \/>\n<meta property=\"og:locale\" content=\"en_US\" \/>\n<meta property=\"og:type\" content=\"article\" \/>\n<meta property=\"og:title\" content=\"\u00abNenkecan\u00bb qad\u0131nlar i\u00e7\u00fcn dergisini\u00f1 taqdimnamesi - \u041c\u0435\u0434\u0436\u043b\u0456\u0441\" \/>\n<meta property=\"og:description\" content=\"2011 senesi 3 mart k\u00fcn\u00fc Q\u0131r\u0131m m\u00fchendislik pedagogika \u00fcniverstetini\u00f1 konferents \u2013zal\u0131nda t\u00fcrk d\u00fcnyas\u0131nda \u00abAlem-i Nisvan\u00bb adl\u0131 ilk qad\u0131nlar dergisini\u00f1 105-y\u0131ll\u0131\u011f\u0131na ba\u011f\u0131\u015flan\u011fan ilmiy-ameliy konferentsiyas\u0131 ke\u00e7irildi. Mezk\u00fcr konferentsiyada \u2018Nenkecan qad\u0131nlar klubu\u2019 cemaat te\u015fkil\u00e3t\u0131 taraf\u0131ndan latin urufat\u0131nda ne\u015fir etilgen \u2018Nenkecan\u2019 q\u0131r\u0131mtatar qad\u0131n dergisini\u00f1 taqdimi ol\u0131p ke\u00e7ti. Konferents\u0131yas\u0131n\u0131\u00f1 tantanal\u0131 q\u0131sm\u0131nda QMP\u00dc-ni\u00f1 rektor\u0131 Fevzi Yakubov, q\u0131r\u0131mtatar Meclis reisi Mustafa Cemilev, [&hellip;]\" \/>\n<meta property=\"og:url\" content=\"https:\/\/qtmm.org\/qt\/nenkecan-qadinlar-icun-dergisinin-taqdimnamesi\/\" \/>\n<meta property=\"og:site_name\" content=\"\u041c\u0435\u0434\u0436\u043b\u0456\u0441\" \/>\n<meta property=\"article:publisher\" content=\"https:\/\/www.facebook.com\/qtmm.info\/\" \/>\n<meta property=\"article:published_time\" content=\"2011-09-03T12:52:00+00:00\" \/>\n<meta property=\"article:modified_time\" content=\"2022-01-18T12:53:31+00:00\" \/>\n<meta name=\"author\" content=\"Developer\" \/>\n<meta name=\"twitter:card\" content=\"summary_large_image\" \/>\n<meta name=\"twitter:label1\" content=\"Written by\" \/>\n\t<meta name=\"twitter:data1\" content=\"Developer\" \/>\n\t<meta name=\"twitter:label2\" content=\"Est. reading time\" \/>\n\t<meta name=\"twitter:data2\" content=\"2 minutes\" \/>\n<script type=\"application\/ld+json\" class=\"yoast-schema-graph\">{\"@context\":\"https:\\\/\\\/schema.org\",\"@graph\":[{\"@type\":\"Article\",\"@id\":\"https:\\\/\\\/qtmm.org\\\/qt\\\/nenkecan-qadinlar-icun-dergisinin-taqdimnamesi\\\/#article\",\"isPartOf\":{\"@id\":\"https:\\\/\\\/qtmm.org\\\/qt\\\/nenkecan-qadinlar-icun-dergisinin-taqdimnamesi\\\/\"},\"author\":{\"name\":\"Developer\",\"@id\":\"https:\\\/\\\/qtmm.org\\\/qt\\\/#\\\/schema\\\/person\\\/de562469f971dec226ac06e60bbf74a7\"},\"headline\":\"\u00abNenkecan\u00bb qad\u0131nlar i\u00e7\u00fcn dergisini\u00f1 taqdimnamesi\",\"datePublished\":\"2011-09-03T12:52:00+00:00\",\"dateModified\":\"2022-01-18T12:53:31+00:00\",\"mainEntityOfPage\":{\"@id\":\"https:\\\/\\\/qtmm.org\\\/qt\\\/nenkecan-qadinlar-icun-dergisinin-taqdimnamesi\\\/\"},\"wordCount\":356,\"commentCount\":0,\"publisher\":{\"@id\":\"https:\\\/\\\/qtmm.org\\\/qt\\\/#organization\"},\"articleSection\":[\"Haberler\"],\"inLanguage\":\"qt\",\"potentialAction\":[{\"@type\":\"CommentAction\",\"name\":\"Comment\",\"target\":[\"https:\\\/\\\/qtmm.org\\\/qt\\\/nenkecan-qadinlar-icun-dergisinin-taqdimnamesi\\\/#respond\"]}]},{\"@type\":\"WebPage\",\"@id\":\"https:\\\/\\\/qtmm.org\\\/qt\\\/nenkecan-qadinlar-icun-dergisinin-taqdimnamesi\\\/\",\"url\":\"https:\\\/\\\/qtmm.org\\\/qt\\\/nenkecan-qadinlar-icun-dergisinin-taqdimnamesi\\\/\",\"name\":\"\u00abNenkecan\u00bb qad\u0131nlar i\u00e7\u00fcn dergisini\u00f1 taqdimnamesi - \u041c\u0435\u0434\u0436\u043b\u0456\u0441\",\"isPartOf\":{\"@id\":\"https:\\\/\\\/qtmm.org\\\/qt\\\/#website\"},\"datePublished\":\"2011-09-03T12:52:00+00:00\",\"dateModified\":\"2022-01-18T12:53:31+00:00\",\"breadcrumb\":{\"@id\":\"https:\\\/\\\/qtmm.org\\\/qt\\\/nenkecan-qadinlar-icun-dergisinin-taqdimnamesi\\\/#breadcrumb\"},\"inLanguage\":\"qt\",\"potentialAction\":[{\"@type\":\"ReadAction\",\"target\":[\"https:\\\/\\\/qtmm.org\\\/qt\\\/nenkecan-qadinlar-icun-dergisinin-taqdimnamesi\\\/\"]}]},{\"@type\":\"BreadcrumbList\",\"@id\":\"https:\\\/\\\/qtmm.org\\\/qt\\\/nenkecan-qadinlar-icun-dergisinin-taqdimnamesi\\\/#breadcrumb\",\"itemListElement\":[{\"@type\":\"ListItem\",\"position\":1,\"name\":\"\u0413\u043e\u043b\u043e\u0432\u043d\u0430\",\"item\":\"https:\\\/\\\/qtmm.org\\\/qt\\\/\"},{\"@type\":\"ListItem\",\"position\":2,\"name\":\"\u00abNenkecan\u00bb qad\u0131nlar i\u00e7\u00fcn dergisini\u00f1 taqdimnamesi\"}]},{\"@type\":\"WebSite\",\"@id\":\"https:\\\/\\\/qtmm.org\\\/qt\\\/#website\",\"url\":\"https:\\\/\\\/qtmm.org\\\/qt\\\/\",\"name\":\"\u041c\u0435\u0434\u0436\u043b\u0456\u0441\",\"description\":\"\",\"publisher\":{\"@id\":\"https:\\\/\\\/qtmm.org\\\/qt\\\/#organization\"},\"potentialAction\":[{\"@type\":\"SearchAction\",\"target\":{\"@type\":\"EntryPoint\",\"urlTemplate\":\"https:\\\/\\\/qtmm.org\\\/qt\\\/?s={search_term_string}\"},\"query-input\":{\"@type\":\"PropertyValueSpecification\",\"valueRequired\":true,\"valueName\":\"search_term_string\"}}],\"inLanguage\":\"qt\"},{\"@type\":\"Organization\",\"@id\":\"https:\\\/\\\/qtmm.org\\\/qt\\\/#organization\",\"name\":\"\u041c\u0435\u0434\u0436\u043b\u0456\u0441\",\"url\":\"https:\\\/\\\/qtmm.org\\\/qt\\\/\",\"logo\":{\"@type\":\"ImageObject\",\"inLanguage\":\"qt\",\"@id\":\"https:\\\/\\\/qtmm.org\\\/qt\\\/#\\\/schema\\\/logo\\\/image\\\/\",\"url\":\"https:\\\/\\\/qtmm.org\\\/wp-content\\\/uploads\\\/2024\\\/12\\\/ua-mejlis-logo-rgb.svg\",\"contentUrl\":\"https:\\\/\\\/qtmm.org\\\/wp-content\\\/uploads\\\/2024\\\/12\\\/ua-mejlis-logo-rgb.svg\",\"caption\":\"\u041c\u0435\u0434\u0436\u043b\u0456\u0441\"},\"image\":{\"@id\":\"https:\\\/\\\/qtmm.org\\\/qt\\\/#\\\/schema\\\/logo\\\/image\\\/\"},\"sameAs\":[\"https:\\\/\\\/www.facebook.com\\\/qtmm.info\\\/\"]},{\"@type\":\"Person\",\"@id\":\"https:\\\/\\\/qtmm.org\\\/qt\\\/#\\\/schema\\\/person\\\/de562469f971dec226ac06e60bbf74a7\",\"name\":\"Developer\",\"image\":{\"@type\":\"ImageObject\",\"inLanguage\":\"qt\",\"@id\":\"https:\\\/\\\/secure.gravatar.com\\\/avatar\\\/392b4cc8fbfeb00b39dfeeab4ee6edded39ffd48e25858637e4765810300227e?s=96&d=mm&r=g\",\"url\":\"https:\\\/\\\/secure.gravatar.com\\\/avatar\\\/392b4cc8fbfeb00b39dfeeab4ee6edded39ffd48e25858637e4765810300227e?s=96&d=mm&r=g\",\"contentUrl\":\"https:\\\/\\\/secure.gravatar.com\\\/avatar\\\/392b4cc8fbfeb00b39dfeeab4ee6edded39ffd48e25858637e4765810300227e?s=96&d=mm&r=g\",\"caption\":\"Developer\"},\"url\":\"https:\\\/\\\/qtmm.org\\\/qt\\\/author\\\/Developer\\\/\"}]}<\/script>\n<!-- \/ Yoast SEO plugin. -->","yoast_head_json":{"title":"\u00abNenkecan\u00bb qad\u0131nlar i\u00e7\u00fcn dergisini\u00f1 taqdimnamesi - \u041c\u0435\u0434\u0436\u043b\u0456\u0441","robots":{"index":"index","follow":"follow","max-snippet":"max-snippet:-1","max-image-preview":"max-image-preview:large","max-video-preview":"max-video-preview:-1"},"canonical":"https:\/\/qtmm.org\/qt\/nenkecan-qadinlar-icun-dergisinin-taqdimnamesi\/","og_locale":"en_US","og_type":"article","og_title":"\u00abNenkecan\u00bb qad\u0131nlar i\u00e7\u00fcn dergisini\u00f1 taqdimnamesi - \u041c\u0435\u0434\u0436\u043b\u0456\u0441","og_description":"2011 senesi 3 mart k\u00fcn\u00fc Q\u0131r\u0131m m\u00fchendislik pedagogika \u00fcniverstetini\u00f1 konferents \u2013zal\u0131nda t\u00fcrk d\u00fcnyas\u0131nda \u00abAlem-i Nisvan\u00bb adl\u0131 ilk qad\u0131nlar dergisini\u00f1 105-y\u0131ll\u0131\u011f\u0131na ba\u011f\u0131\u015flan\u011fan ilmiy-ameliy konferentsiyas\u0131 ke\u00e7irildi. Mezk\u00fcr konferentsiyada \u2018Nenkecan qad\u0131nlar klubu\u2019 cemaat te\u015fkil\u00e3t\u0131 taraf\u0131ndan latin urufat\u0131nda ne\u015fir etilgen \u2018Nenkecan\u2019 q\u0131r\u0131mtatar qad\u0131n dergisini\u00f1 taqdimi ol\u0131p ke\u00e7ti. Konferents\u0131yas\u0131n\u0131\u00f1 tantanal\u0131 q\u0131sm\u0131nda QMP\u00dc-ni\u00f1 rektor\u0131 Fevzi Yakubov, q\u0131r\u0131mtatar Meclis reisi Mustafa Cemilev, [&hellip;]","og_url":"https:\/\/qtmm.org\/qt\/nenkecan-qadinlar-icun-dergisinin-taqdimnamesi\/","og_site_name":"\u041c\u0435\u0434\u0436\u043b\u0456\u0441","article_publisher":"https:\/\/www.facebook.com\/qtmm.info\/","article_published_time":"2011-09-03T12:52:00+00:00","article_modified_time":"2022-01-18T12:53:31+00:00","author":"Developer","twitter_card":"summary_large_image","twitter_misc":{"Written by":"Developer","Est. reading time":"2 minutes"},"schema":{"@context":"https:\/\/schema.org","@graph":[{"@type":"Article","@id":"https:\/\/qtmm.org\/qt\/nenkecan-qadinlar-icun-dergisinin-taqdimnamesi\/#article","isPartOf":{"@id":"https:\/\/qtmm.org\/qt\/nenkecan-qadinlar-icun-dergisinin-taqdimnamesi\/"},"author":{"name":"Developer","@id":"https:\/\/qtmm.org\/qt\/#\/schema\/person\/de562469f971dec226ac06e60bbf74a7"},"headline":"\u00abNenkecan\u00bb qad\u0131nlar i\u00e7\u00fcn dergisini\u00f1 taqdimnamesi","datePublished":"2011-09-03T12:52:00+00:00","dateModified":"2022-01-18T12:53:31+00:00","mainEntityOfPage":{"@id":"https:\/\/qtmm.org\/qt\/nenkecan-qadinlar-icun-dergisinin-taqdimnamesi\/"},"wordCount":356,"commentCount":0,"publisher":{"@id":"https:\/\/qtmm.org\/qt\/#organization"},"articleSection":["Haberler"],"inLanguage":"qt","potentialAction":[{"@type":"CommentAction","name":"Comment","target":["https:\/\/qtmm.org\/qt\/nenkecan-qadinlar-icun-dergisinin-taqdimnamesi\/#respond"]}]},{"@type":"WebPage","@id":"https:\/\/qtmm.org\/qt\/nenkecan-qadinlar-icun-dergisinin-taqdimnamesi\/","url":"https:\/\/qtmm.org\/qt\/nenkecan-qadinlar-icun-dergisinin-taqdimnamesi\/","name":"\u00abNenkecan\u00bb qad\u0131nlar i\u00e7\u00fcn dergisini\u00f1 taqdimnamesi - \u041c\u0435\u0434\u0436\u043b\u0456\u0441","isPartOf":{"@id":"https:\/\/qtmm.org\/qt\/#website"},"datePublished":"2011-09-03T12:52:00+00:00","dateModified":"2022-01-18T12:53:31+00:00","breadcrumb":{"@id":"https:\/\/qtmm.org\/qt\/nenkecan-qadinlar-icun-dergisinin-taqdimnamesi\/#breadcrumb"},"inLanguage":"qt","potentialAction":[{"@type":"ReadAction","target":["https:\/\/qtmm.org\/qt\/nenkecan-qadinlar-icun-dergisinin-taqdimnamesi\/"]}]},{"@type":"BreadcrumbList","@id":"https:\/\/qtmm.org\/qt\/nenkecan-qadinlar-icun-dergisinin-taqdimnamesi\/#breadcrumb","itemListElement":[{"@type":"ListItem","position":1,"name":"\u0413\u043e\u043b\u043e\u0432\u043d\u0430","item":"https:\/\/qtmm.org\/qt\/"},{"@type":"ListItem","position":2,"name":"\u00abNenkecan\u00bb qad\u0131nlar i\u00e7\u00fcn dergisini\u00f1 taqdimnamesi"}]},{"@type":"WebSite","@id":"https:\/\/qtmm.org\/qt\/#website","url":"https:\/\/qtmm.org\/qt\/","name":"\u041c\u0435\u0434\u0436\u043b\u0456\u0441","description":"","publisher":{"@id":"https:\/\/qtmm.org\/qt\/#organization"},"potentialAction":[{"@type":"SearchAction","target":{"@type":"EntryPoint","urlTemplate":"https:\/\/qtmm.org\/qt\/?s={search_term_string}"},"query-input":{"@type":"PropertyValueSpecification","valueRequired":true,"valueName":"search_term_string"}}],"inLanguage":"qt"},{"@type":"Organization","@id":"https:\/\/qtmm.org\/qt\/#organization","name":"\u041c\u0435\u0434\u0436\u043b\u0456\u0441","url":"https:\/\/qtmm.org\/qt\/","logo":{"@type":"ImageObject","inLanguage":"qt","@id":"https:\/\/qtmm.org\/qt\/#\/schema\/logo\/image\/","url":"https:\/\/qtmm.org\/wp-content\/uploads\/2024\/12\/ua-mejlis-logo-rgb.svg","contentUrl":"https:\/\/qtmm.org\/wp-content\/uploads\/2024\/12\/ua-mejlis-logo-rgb.svg","caption":"\u041c\u0435\u0434\u0436\u043b\u0456\u0441"},"image":{"@id":"https:\/\/qtmm.org\/qt\/#\/schema\/logo\/image\/"},"sameAs":["https:\/\/www.facebook.com\/qtmm.info\/"]},{"@type":"Person","@id":"https:\/\/qtmm.org\/qt\/#\/schema\/person\/de562469f971dec226ac06e60bbf74a7","name":"Developer","image":{"@type":"ImageObject","inLanguage":"qt","@id":"https:\/\/secure.gravatar.com\/avatar\/392b4cc8fbfeb00b39dfeeab4ee6edded39ffd48e25858637e4765810300227e?s=96&d=mm&r=g","url":"https:\/\/secure.gravatar.com\/avatar\/392b4cc8fbfeb00b39dfeeab4ee6edded39ffd48e25858637e4765810300227e?s=96&d=mm&r=g","contentUrl":"https:\/\/secure.gravatar.com\/avatar\/392b4cc8fbfeb00b39dfeeab4ee6edded39ffd48e25858637e4765810300227e?s=96&d=mm&r=g","caption":"Developer"},"url":"https:\/\/qtmm.org\/qt\/author\/Developer\/"}]}},"_links":{"self":[{"href":"https:\/\/qtmm.org\/qt\/wp-json\/wp\/v2\/posts\/23444","targetHints":{"allow":["GET"]}}],"collection":[{"href":"https:\/\/qtmm.org\/qt\/wp-json\/wp\/v2\/posts"}],"about":[{"href":"https:\/\/qtmm.org\/qt\/wp-json\/wp\/v2\/types\/post"}],"author":[{"embeddable":true,"href":"https:\/\/qtmm.org\/qt\/wp-json\/wp\/v2\/users\/1"}],"replies":[{"embeddable":true,"href":"https:\/\/qtmm.org\/qt\/wp-json\/wp\/v2\/comments?post=23444"}],"version-history":[{"count":1,"href":"https:\/\/qtmm.org\/qt\/wp-json\/wp\/v2\/posts\/23444\/revisions"}],"predecessor-version":[{"id":23445,"href":"https:\/\/qtmm.org\/qt\/wp-json\/wp\/v2\/posts\/23444\/revisions\/23445"}],"wp:attachment":[{"href":"https:\/\/qtmm.org\/qt\/wp-json\/wp\/v2\/media?parent=23444"}],"wp:term":[{"taxonomy":"category","embeddable":true,"href":"https:\/\/qtmm.org\/qt\/wp-json\/wp\/v2\/categories?post=23444"},{"taxonomy":"post_tag","embeddable":true,"href":"https:\/\/qtmm.org\/qt\/wp-json\/wp\/v2\/tags?post=23444"}],"curies":[{"name":"wp","href":"https:\/\/api.w.org\/{rel}","templated":true}]}}