




{"id":23420,"date":"2011-12-25T15:40:00","date_gmt":"2011-12-25T12:40:00","guid":{"rendered":"http:\/\/qtmm.org\/?p=23420"},"modified":"2022-01-18T15:41:11","modified_gmt":"2022-01-18T12:41:11","slug":"milliy-meclis-moskvadaki-domodedovo-ava-limaninda-terroristik-akt-qurbanlarnin-ailelerine-teren-taziyesini-bildire","status":"publish","type":"post","link":"https:\/\/qtmm.org\/qt\/milliy-meclis-moskvadaki-domodedovo-ava-limaninda-terroristik-akt-qurbanlarnin-ailelerine-teren-taziyesini-bildire\/","title":{"rendered":"Milliy Meclis Moskvadaki &#8220;Domodedovo&#8221; ava liman\u0131nda terroristik akt qurbanlarn\u0131\u00f1 ailelerine teren taziyesini bildire"},"content":{"rendered":"\n<p>Moskvadaki &#8220;Domodedovo&#8221; ava liman\u0131nda yanvar 24 k\u00fcn\u00fc ol\u011fan patlav aqibetinde 35 adam el\u00e2k ol\u0131p, 100den ziyadesi a\u011f\u0131r yaraland\u0131lar.<\/p>\n\n\n\n<p>El\u00e2k ol\u011fanlar ve yaralan\u011fanlar aras\u0131nda Rusiye ve digger memleket grajdanlar\u0131, \u00e7e\u015fit din ve medeniyet vekilleri bar edi.<\/p>\n\n\n\n<p>Bu vah\u015fiyane cinayetni\u00f1 te\u015fkil\u00e2t\u00e7\u0131lar\u0131 facia yeri olaraq pek \u00e7oq adam toplan\u011fan ava liman\u0131n\u0131 se\u00e7kenleri t\u0131n\u00e7 ealini qorquzmaq niyetlerinden del\u00e2let bere.<\/p>\n\n\n\n<p>Bu cinayetke qol ur\u011fanlar, angi sebeplerni k\u00f6sterse k\u00f6stersinler , aqlan\u0131lmaycaq qatillerdir.<\/p>\n\n\n\n<p>Milliy Meclis terroristik akt qurbanlarn\u0131\u00f1 ailelerine teren taziyesini bildire, denile taziyenamede.<\/p>\n","protected":false},"excerpt":{"rendered":"<p>Moskvadaki &#8220;Domodedovo&#8221; ava liman\u0131nda yanvar 24 k\u00fcn\u00fc ol\u011fan patlav aqibetinde 35 adam el\u00e2k ol\u0131p, 100den ziyadesi a\u011f\u0131r yaraland\u0131lar. El\u00e2k ol\u011fanlar ve yaralan\u011fanlar aras\u0131nda Rusiye ve digger memleket grajdanlar\u0131, \u00e7e\u015fit din ve medeniyet vekilleri bar edi. Bu vah\u015fiyane cinayetni\u00f1 te\u015fkil\u00e2t\u00e7\u0131lar\u0131 facia yeri olaraq pek \u00e7oq adam toplan\u011fan ava liman\u0131n\u0131 se\u00e7kenleri t\u0131n\u00e7 ealini qorquzmaq niyetlerinden del\u00e2let bere. [&hellip;]<\/p>\n","protected":false},"author":1,"featured_media":0,"comment_status":"open","ping_status":"open","sticky":false,"template":"","format":"standard","meta":{"inline_featured_image":false,"footnotes":""},"categories":[265],"tags":[],"class_list":["post-23420","post","type-post","status-publish","format-standard","hentry","category-haberler"],"acf":[],"yoast_head":"<!-- This site is optimized with the Yoast SEO plugin v27.4 - https:\/\/yoast.com\/product\/yoast-seo-wordpress\/ -->\n<title>Milliy Meclis Moskvadaki &quot;Domodedovo&quot; ava liman\u0131nda terroristik akt qurbanlarn\u0131\u00f1 ailelerine teren taziyesini bildire - \u041c\u0435\u0434\u0436\u043b\u0456\u0441<\/title>\n<meta name=\"robots\" content=\"index, follow, max-snippet:-1, max-image-preview:large, max-video-preview:-1\" \/>\n<link rel=\"canonical\" href=\"https:\/\/qtmm.org\/qt\/milliy-meclis-moskvadaki-domodedovo-ava-limaninda-terroristik-akt-qurbanlarnin-ailelerine-teren-taziyesini-bildire\/\" \/>\n<meta property=\"og:locale\" content=\"en_US\" \/>\n<meta property=\"og:type\" content=\"article\" \/>\n<meta property=\"og:title\" content=\"Milliy Meclis Moskvadaki &quot;Domodedovo&quot; ava liman\u0131nda terroristik akt qurbanlarn\u0131\u00f1 ailelerine teren taziyesini bildire - \u041c\u0435\u0434\u0436\u043b\u0456\u0441\" \/>\n<meta property=\"og:description\" content=\"Moskvadaki &#8220;Domodedovo&#8221; ava liman\u0131nda yanvar 24 k\u00fcn\u00fc ol\u011fan patlav aqibetinde 35 adam el\u00e2k ol\u0131p, 100den ziyadesi a\u011f\u0131r yaraland\u0131lar. El\u00e2k ol\u011fanlar ve yaralan\u011fanlar aras\u0131nda Rusiye ve digger memleket grajdanlar\u0131, \u00e7e\u015fit din ve medeniyet vekilleri bar edi. Bu vah\u015fiyane cinayetni\u00f1 te\u015fkil\u00e2t\u00e7\u0131lar\u0131 facia yeri olaraq pek \u00e7oq adam toplan\u011fan ava liman\u0131n\u0131 se\u00e7kenleri t\u0131n\u00e7 ealini qorquzmaq niyetlerinden del\u00e2let bere. [&hellip;]\" \/>\n<meta property=\"og:url\" content=\"https:\/\/qtmm.org\/qt\/milliy-meclis-moskvadaki-domodedovo-ava-limaninda-terroristik-akt-qurbanlarnin-ailelerine-teren-taziyesini-bildire\/\" \/>\n<meta property=\"og:site_name\" content=\"\u041c\u0435\u0434\u0436\u043b\u0456\u0441\" \/>\n<meta property=\"article:publisher\" content=\"https:\/\/www.facebook.com\/qtmm.info\/\" \/>\n<meta property=\"article:published_time\" content=\"2011-12-25T12:40:00+00:00\" \/>\n<meta property=\"article:modified_time\" content=\"2022-01-18T12:41:11+00:00\" \/>\n<meta name=\"author\" content=\"Developer\" \/>\n<meta name=\"twitter:card\" content=\"summary_large_image\" \/>\n<meta name=\"twitter:label1\" content=\"Written by\" \/>\n\t<meta name=\"twitter:data1\" content=\"Developer\" \/>\n<script type=\"application\/ld+json\" class=\"yoast-schema-graph\">{\"@context\":\"https:\\\/\\\/schema.org\",\"@graph\":[{\"@type\":\"Article\",\"@id\":\"https:\\\/\\\/qtmm.org\\\/qt\\\/milliy-meclis-moskvadaki-domodedovo-ava-limaninda-terroristik-akt-qurbanlarnin-ailelerine-teren-taziyesini-bildire\\\/#article\",\"isPartOf\":{\"@id\":\"https:\\\/\\\/qtmm.org\\\/qt\\\/milliy-meclis-moskvadaki-domodedovo-ava-limaninda-terroristik-akt-qurbanlarnin-ailelerine-teren-taziyesini-bildire\\\/\"},\"author\":{\"name\":\"Developer\",\"@id\":\"https:\\\/\\\/qtmm.org\\\/qt\\\/#\\\/schema\\\/person\\\/de562469f971dec226ac06e60bbf74a7\"},\"headline\":\"Milliy Meclis Moskvadaki &#8220;Domodedovo&#8221; ava liman\u0131nda terroristik akt qurbanlarn\u0131\u00f1 ailelerine teren taziyesini bildire\",\"datePublished\":\"2011-12-25T12:40:00+00:00\",\"dateModified\":\"2022-01-18T12:41:11+00:00\",\"mainEntityOfPage\":{\"@id\":\"https:\\\/\\\/qtmm.org\\\/qt\\\/milliy-meclis-moskvadaki-domodedovo-ava-limaninda-terroristik-akt-qurbanlarnin-ailelerine-teren-taziyesini-bildire\\\/\"},\"wordCount\":113,\"commentCount\":0,\"publisher\":{\"@id\":\"https:\\\/\\\/qtmm.org\\\/qt\\\/#organization\"},\"articleSection\":[\"Haberler\"],\"inLanguage\":\"qt\",\"potentialAction\":[{\"@type\":\"CommentAction\",\"name\":\"Comment\",\"target\":[\"https:\\\/\\\/qtmm.org\\\/qt\\\/milliy-meclis-moskvadaki-domodedovo-ava-limaninda-terroristik-akt-qurbanlarnin-ailelerine-teren-taziyesini-bildire\\\/#respond\"]}]},{\"@type\":\"WebPage\",\"@id\":\"https:\\\/\\\/qtmm.org\\\/qt\\\/milliy-meclis-moskvadaki-domodedovo-ava-limaninda-terroristik-akt-qurbanlarnin-ailelerine-teren-taziyesini-bildire\\\/\",\"url\":\"https:\\\/\\\/qtmm.org\\\/qt\\\/milliy-meclis-moskvadaki-domodedovo-ava-limaninda-terroristik-akt-qurbanlarnin-ailelerine-teren-taziyesini-bildire\\\/\",\"name\":\"Milliy Meclis Moskvadaki \\\"Domodedovo\\\" ava liman\u0131nda terroristik akt qurbanlarn\u0131\u00f1 ailelerine teren taziyesini bildire - \u041c\u0435\u0434\u0436\u043b\u0456\u0441\",\"isPartOf\":{\"@id\":\"https:\\\/\\\/qtmm.org\\\/qt\\\/#website\"},\"datePublished\":\"2011-12-25T12:40:00+00:00\",\"dateModified\":\"2022-01-18T12:41:11+00:00\",\"breadcrumb\":{\"@id\":\"https:\\\/\\\/qtmm.org\\\/qt\\\/milliy-meclis-moskvadaki-domodedovo-ava-limaninda-terroristik-akt-qurbanlarnin-ailelerine-teren-taziyesini-bildire\\\/#breadcrumb\"},\"inLanguage\":\"qt\",\"potentialAction\":[{\"@type\":\"ReadAction\",\"target\":[\"https:\\\/\\\/qtmm.org\\\/qt\\\/milliy-meclis-moskvadaki-domodedovo-ava-limaninda-terroristik-akt-qurbanlarnin-ailelerine-teren-taziyesini-bildire\\\/\"]}]},{\"@type\":\"BreadcrumbList\",\"@id\":\"https:\\\/\\\/qtmm.org\\\/qt\\\/milliy-meclis-moskvadaki-domodedovo-ava-limaninda-terroristik-akt-qurbanlarnin-ailelerine-teren-taziyesini-bildire\\\/#breadcrumb\",\"itemListElement\":[{\"@type\":\"ListItem\",\"position\":1,\"name\":\"\u0413\u043e\u043b\u043e\u0432\u043d\u0430\",\"item\":\"https:\\\/\\\/qtmm.org\\\/qt\\\/\"},{\"@type\":\"ListItem\",\"position\":2,\"name\":\"Milliy Meclis Moskvadaki &#8220;Domodedovo&#8221; ava liman\u0131nda terroristik akt qurbanlarn\u0131\u00f1 ailelerine teren taziyesini bildire\"}]},{\"@type\":\"WebSite\",\"@id\":\"https:\\\/\\\/qtmm.org\\\/qt\\\/#website\",\"url\":\"https:\\\/\\\/qtmm.org\\\/qt\\\/\",\"name\":\"\u041c\u0435\u0434\u0436\u043b\u0456\u0441\",\"description\":\"\",\"publisher\":{\"@id\":\"https:\\\/\\\/qtmm.org\\\/qt\\\/#organization\"},\"potentialAction\":[{\"@type\":\"SearchAction\",\"target\":{\"@type\":\"EntryPoint\",\"urlTemplate\":\"https:\\\/\\\/qtmm.org\\\/qt\\\/?s={search_term_string}\"},\"query-input\":{\"@type\":\"PropertyValueSpecification\",\"valueRequired\":true,\"valueName\":\"search_term_string\"}}],\"inLanguage\":\"qt\"},{\"@type\":\"Organization\",\"@id\":\"https:\\\/\\\/qtmm.org\\\/qt\\\/#organization\",\"name\":\"\u041c\u0435\u0434\u0436\u043b\u0456\u0441\",\"url\":\"https:\\\/\\\/qtmm.org\\\/qt\\\/\",\"logo\":{\"@type\":\"ImageObject\",\"inLanguage\":\"qt\",\"@id\":\"https:\\\/\\\/qtmm.org\\\/qt\\\/#\\\/schema\\\/logo\\\/image\\\/\",\"url\":\"https:\\\/\\\/qtmm.org\\\/wp-content\\\/uploads\\\/2024\\\/12\\\/ua-mejlis-logo-rgb.svg\",\"contentUrl\":\"https:\\\/\\\/qtmm.org\\\/wp-content\\\/uploads\\\/2024\\\/12\\\/ua-mejlis-logo-rgb.svg\",\"caption\":\"\u041c\u0435\u0434\u0436\u043b\u0456\u0441\"},\"image\":{\"@id\":\"https:\\\/\\\/qtmm.org\\\/qt\\\/#\\\/schema\\\/logo\\\/image\\\/\"},\"sameAs\":[\"https:\\\/\\\/www.facebook.com\\\/qtmm.info\\\/\"]},{\"@type\":\"Person\",\"@id\":\"https:\\\/\\\/qtmm.org\\\/qt\\\/#\\\/schema\\\/person\\\/de562469f971dec226ac06e60bbf74a7\",\"name\":\"Developer\",\"image\":{\"@type\":\"ImageObject\",\"inLanguage\":\"qt\",\"@id\":\"https:\\\/\\\/secure.gravatar.com\\\/avatar\\\/392b4cc8fbfeb00b39dfeeab4ee6edded39ffd48e25858637e4765810300227e?s=96&d=mm&r=g\",\"url\":\"https:\\\/\\\/secure.gravatar.com\\\/avatar\\\/392b4cc8fbfeb00b39dfeeab4ee6edded39ffd48e25858637e4765810300227e?s=96&d=mm&r=g\",\"contentUrl\":\"https:\\\/\\\/secure.gravatar.com\\\/avatar\\\/392b4cc8fbfeb00b39dfeeab4ee6edded39ffd48e25858637e4765810300227e?s=96&d=mm&r=g\",\"caption\":\"Developer\"},\"url\":\"https:\\\/\\\/qtmm.org\\\/qt\\\/author\\\/Developer\\\/\"}]}<\/script>\n<!-- \/ Yoast SEO plugin. -->","yoast_head_json":{"title":"Milliy Meclis Moskvadaki \"Domodedovo\" ava liman\u0131nda terroristik akt qurbanlarn\u0131\u00f1 ailelerine teren taziyesini bildire - \u041c\u0435\u0434\u0436\u043b\u0456\u0441","robots":{"index":"index","follow":"follow","max-snippet":"max-snippet:-1","max-image-preview":"max-image-preview:large","max-video-preview":"max-video-preview:-1"},"canonical":"https:\/\/qtmm.org\/qt\/milliy-meclis-moskvadaki-domodedovo-ava-limaninda-terroristik-akt-qurbanlarnin-ailelerine-teren-taziyesini-bildire\/","og_locale":"en_US","og_type":"article","og_title":"Milliy Meclis Moskvadaki \"Domodedovo\" ava liman\u0131nda terroristik akt qurbanlarn\u0131\u00f1 ailelerine teren taziyesini bildire - \u041c\u0435\u0434\u0436\u043b\u0456\u0441","og_description":"Moskvadaki &#8220;Domodedovo&#8221; ava liman\u0131nda yanvar 24 k\u00fcn\u00fc ol\u011fan patlav aqibetinde 35 adam el\u00e2k ol\u0131p, 100den ziyadesi a\u011f\u0131r yaraland\u0131lar. El\u00e2k ol\u011fanlar ve yaralan\u011fanlar aras\u0131nda Rusiye ve digger memleket grajdanlar\u0131, \u00e7e\u015fit din ve medeniyet vekilleri bar edi. Bu vah\u015fiyane cinayetni\u00f1 te\u015fkil\u00e2t\u00e7\u0131lar\u0131 facia yeri olaraq pek \u00e7oq adam toplan\u011fan ava liman\u0131n\u0131 se\u00e7kenleri t\u0131n\u00e7 ealini qorquzmaq niyetlerinden del\u00e2let bere. [&hellip;]","og_url":"https:\/\/qtmm.org\/qt\/milliy-meclis-moskvadaki-domodedovo-ava-limaninda-terroristik-akt-qurbanlarnin-ailelerine-teren-taziyesini-bildire\/","og_site_name":"\u041c\u0435\u0434\u0436\u043b\u0456\u0441","article_publisher":"https:\/\/www.facebook.com\/qtmm.info\/","article_published_time":"2011-12-25T12:40:00+00:00","article_modified_time":"2022-01-18T12:41:11+00:00","author":"Developer","twitter_card":"summary_large_image","twitter_misc":{"Written by":"Developer"},"schema":{"@context":"https:\/\/schema.org","@graph":[{"@type":"Article","@id":"https:\/\/qtmm.org\/qt\/milliy-meclis-moskvadaki-domodedovo-ava-limaninda-terroristik-akt-qurbanlarnin-ailelerine-teren-taziyesini-bildire\/#article","isPartOf":{"@id":"https:\/\/qtmm.org\/qt\/milliy-meclis-moskvadaki-domodedovo-ava-limaninda-terroristik-akt-qurbanlarnin-ailelerine-teren-taziyesini-bildire\/"},"author":{"name":"Developer","@id":"https:\/\/qtmm.org\/qt\/#\/schema\/person\/de562469f971dec226ac06e60bbf74a7"},"headline":"Milliy Meclis Moskvadaki &#8220;Domodedovo&#8221; ava liman\u0131nda terroristik akt qurbanlarn\u0131\u00f1 ailelerine teren taziyesini bildire","datePublished":"2011-12-25T12:40:00+00:00","dateModified":"2022-01-18T12:41:11+00:00","mainEntityOfPage":{"@id":"https:\/\/qtmm.org\/qt\/milliy-meclis-moskvadaki-domodedovo-ava-limaninda-terroristik-akt-qurbanlarnin-ailelerine-teren-taziyesini-bildire\/"},"wordCount":113,"commentCount":0,"publisher":{"@id":"https:\/\/qtmm.org\/qt\/#organization"},"articleSection":["Haberler"],"inLanguage":"qt","potentialAction":[{"@type":"CommentAction","name":"Comment","target":["https:\/\/qtmm.org\/qt\/milliy-meclis-moskvadaki-domodedovo-ava-limaninda-terroristik-akt-qurbanlarnin-ailelerine-teren-taziyesini-bildire\/#respond"]}]},{"@type":"WebPage","@id":"https:\/\/qtmm.org\/qt\/milliy-meclis-moskvadaki-domodedovo-ava-limaninda-terroristik-akt-qurbanlarnin-ailelerine-teren-taziyesini-bildire\/","url":"https:\/\/qtmm.org\/qt\/milliy-meclis-moskvadaki-domodedovo-ava-limaninda-terroristik-akt-qurbanlarnin-ailelerine-teren-taziyesini-bildire\/","name":"Milliy Meclis Moskvadaki \"Domodedovo\" ava liman\u0131nda terroristik akt qurbanlarn\u0131\u00f1 ailelerine teren taziyesini bildire - \u041c\u0435\u0434\u0436\u043b\u0456\u0441","isPartOf":{"@id":"https:\/\/qtmm.org\/qt\/#website"},"datePublished":"2011-12-25T12:40:00+00:00","dateModified":"2022-01-18T12:41:11+00:00","breadcrumb":{"@id":"https:\/\/qtmm.org\/qt\/milliy-meclis-moskvadaki-domodedovo-ava-limaninda-terroristik-akt-qurbanlarnin-ailelerine-teren-taziyesini-bildire\/#breadcrumb"},"inLanguage":"qt","potentialAction":[{"@type":"ReadAction","target":["https:\/\/qtmm.org\/qt\/milliy-meclis-moskvadaki-domodedovo-ava-limaninda-terroristik-akt-qurbanlarnin-ailelerine-teren-taziyesini-bildire\/"]}]},{"@type":"BreadcrumbList","@id":"https:\/\/qtmm.org\/qt\/milliy-meclis-moskvadaki-domodedovo-ava-limaninda-terroristik-akt-qurbanlarnin-ailelerine-teren-taziyesini-bildire\/#breadcrumb","itemListElement":[{"@type":"ListItem","position":1,"name":"\u0413\u043e\u043b\u043e\u0432\u043d\u0430","item":"https:\/\/qtmm.org\/qt\/"},{"@type":"ListItem","position":2,"name":"Milliy Meclis Moskvadaki &#8220;Domodedovo&#8221; ava liman\u0131nda terroristik akt qurbanlarn\u0131\u00f1 ailelerine teren taziyesini bildire"}]},{"@type":"WebSite","@id":"https:\/\/qtmm.org\/qt\/#website","url":"https:\/\/qtmm.org\/qt\/","name":"\u041c\u0435\u0434\u0436\u043b\u0456\u0441","description":"","publisher":{"@id":"https:\/\/qtmm.org\/qt\/#organization"},"potentialAction":[{"@type":"SearchAction","target":{"@type":"EntryPoint","urlTemplate":"https:\/\/qtmm.org\/qt\/?s={search_term_string}"},"query-input":{"@type":"PropertyValueSpecification","valueRequired":true,"valueName":"search_term_string"}}],"inLanguage":"qt"},{"@type":"Organization","@id":"https:\/\/qtmm.org\/qt\/#organization","name":"\u041c\u0435\u0434\u0436\u043b\u0456\u0441","url":"https:\/\/qtmm.org\/qt\/","logo":{"@type":"ImageObject","inLanguage":"qt","@id":"https:\/\/qtmm.org\/qt\/#\/schema\/logo\/image\/","url":"https:\/\/qtmm.org\/wp-content\/uploads\/2024\/12\/ua-mejlis-logo-rgb.svg","contentUrl":"https:\/\/qtmm.org\/wp-content\/uploads\/2024\/12\/ua-mejlis-logo-rgb.svg","caption":"\u041c\u0435\u0434\u0436\u043b\u0456\u0441"},"image":{"@id":"https:\/\/qtmm.org\/qt\/#\/schema\/logo\/image\/"},"sameAs":["https:\/\/www.facebook.com\/qtmm.info\/"]},{"@type":"Person","@id":"https:\/\/qtmm.org\/qt\/#\/schema\/person\/de562469f971dec226ac06e60bbf74a7","name":"Developer","image":{"@type":"ImageObject","inLanguage":"qt","@id":"https:\/\/secure.gravatar.com\/avatar\/392b4cc8fbfeb00b39dfeeab4ee6edded39ffd48e25858637e4765810300227e?s=96&d=mm&r=g","url":"https:\/\/secure.gravatar.com\/avatar\/392b4cc8fbfeb00b39dfeeab4ee6edded39ffd48e25858637e4765810300227e?s=96&d=mm&r=g","contentUrl":"https:\/\/secure.gravatar.com\/avatar\/392b4cc8fbfeb00b39dfeeab4ee6edded39ffd48e25858637e4765810300227e?s=96&d=mm&r=g","caption":"Developer"},"url":"https:\/\/qtmm.org\/qt\/author\/Developer\/"}]}},"_links":{"self":[{"href":"https:\/\/qtmm.org\/qt\/wp-json\/wp\/v2\/posts\/23420","targetHints":{"allow":["GET"]}}],"collection":[{"href":"https:\/\/qtmm.org\/qt\/wp-json\/wp\/v2\/posts"}],"about":[{"href":"https:\/\/qtmm.org\/qt\/wp-json\/wp\/v2\/types\/post"}],"author":[{"embeddable":true,"href":"https:\/\/qtmm.org\/qt\/wp-json\/wp\/v2\/users\/1"}],"replies":[{"embeddable":true,"href":"https:\/\/qtmm.org\/qt\/wp-json\/wp\/v2\/comments?post=23420"}],"version-history":[{"count":1,"href":"https:\/\/qtmm.org\/qt\/wp-json\/wp\/v2\/posts\/23420\/revisions"}],"predecessor-version":[{"id":23421,"href":"https:\/\/qtmm.org\/qt\/wp-json\/wp\/v2\/posts\/23420\/revisions\/23421"}],"wp:attachment":[{"href":"https:\/\/qtmm.org\/qt\/wp-json\/wp\/v2\/media?parent=23420"}],"wp:term":[{"taxonomy":"category","embeddable":true,"href":"https:\/\/qtmm.org\/qt\/wp-json\/wp\/v2\/categories?post=23420"},{"taxonomy":"post_tag","embeddable":true,"href":"https:\/\/qtmm.org\/qt\/wp-json\/wp\/v2\/tags?post=23420"}],"curies":[{"name":"wp","href":"https:\/\/api.w.org\/{rel}","templated":true}]}}