




{"id":23418,"date":"2011-12-24T15:39:00","date_gmt":"2011-12-24T12:39:00","guid":{"rendered":"http:\/\/qtmm.org\/?p=23418"},"modified":"2022-01-18T15:39:57","modified_gmt":"2022-01-18T12:39:57","slug":"milliy-meclis-reisinin-turkiye-bas-nazirinen-korusuvi","status":"publish","type":"post","link":"https:\/\/qtmm.org\/qt\/milliy-meclis-reisinin-turkiye-bas-nazirinen-korusuvi\/","title":{"rendered":"Milliy meclis reisini\u00f1 T\u00fcrkiye Ba\u015f nazirinen k\u00f6r\u00fc\u015f\u00fcvi"},"content":{"rendered":"\n<p>T\u00fcrkiyeni\u00f1 Ba\u015f naziri Recep Tayip Erdo\u011fanUkraina paytaht\u0131Kiyevge eki k\u00fcnl\u00fckresmiy ziyaret programmas\u0131 \u00e7er\u00e7ivesinde Milliy Meclisni\u00f1 reisi Mustafa Cemilevnen k\u00f6r\u00fc\u015fti.<\/p>\n\n\n\n<p>Bir bu\u00e7uq saat devam etken k\u00f6r\u00fc\u015f\u00fcvde bun\u0131\u00f1 kibi de T\u00fcrkiyeni\u00f1 Ukrainadaki el\u00e7isi Ahmet B\u00fclent, T\u0130KA prezidenti Musa Qulaql\u0131qaya ve Mustafa Cemilevni\u00f1 yard\u0131mc\u0131s\u0131 Asan \u00dcmerov i\u015ftirak ettiler.<\/p>\n\n\n\n<p>T\u00fcrkiye Ba\u015f nazirini\u00f1 ricas\u0131 boyunca M.Cemilev Q\u0131r\u0131mdaki i\u00e7timaiy-siyasiy vaziyetni, q\u0131r\u0131mtatar halq\u0131n\u0131\u00f1 e\u00f1 m\u00fcim meselelerini tafsil\u00e2tl\u0131 a\u00f1latt\u0131. O, bu meselelerni \u00e7ez\u00fcvde Ukrainan\u0131\u00f1 i\u015ftiraki aqq\u0131nda ayt\u0131rken, a\u011f\u0131mdaki senede bu maqsadlar\u011fa devlet b\u00fccetinden ol\u011fan\u0131-olaca\u011f\u0131 23 million grivn\u00e2 ay\u0131r\u0131l\u011fan\u0131n\u0131, bu ise s\u00fcrg\u00fcn etilgenlerni yerle\u015ftir\u00fcv programmas\u0131n\u0131\u00f1 qapalmas\u0131n\u0131 k\u00f6stergenini qayd etti.<\/p>\n\n\n\n<p>K\u00f6r\u00fc\u015f\u00fcv devam\u0131nda T\u00fcrkiye Prezidenti Suleyman Demirel zaman\u0131nda ba\u015flan\u011fan Q\u0131r\u0131mda s\u00fcrg\u00fcnlikten qaytqanlar i\u00e7\u00fcn mesken quruc\u0131l\u0131\u011f\u0131 programmas\u0131n\u0131 devam ettirmek keli\u015fildi. Bun\u0131\u00f1 kibi de Q\u0131r\u0131mda milliy mekteplerini\u00f1 say\u0131s\u0131n\u0131 artt\u0131ruv\u011fa da yard\u0131m berilecegi i\u015fand\u0131r\u0131ld\u0131. C\u00fcmleden, T\u00fcrkiye Ba\u015f naziri T\u0130KA Prezidentine Aqmescitni\u00f1 Fontan\u0131 qasabas\u0131ndaki quruj\u0131l\u0131\u011f\u0131na 27 million grivn\u00e2 kerek ol\u011fan milliy mektep binas\u0131n\u0131 sent\u00e2br 1-ge qadar teslim etmek ve Ba\u011f\u00e7asaray \u015feerinde mektep quruv boyunca esas i\u015flerni becermek avale etildi. T\u0130KA Prezidenti bu avaleler, eger de Ukraina akimiyeti taraf\u0131ndan i\u00e7 bir t\u00fcrl\u00fc mania olmasa, vaqt\u0131nda eda etilecegine s\u00f6z berdi. Bu munasebetnen T\u0130KA Prezidenti Ukraina iqtisadiyat nazirligi \u00e7oq y\u0131llar devam\u0131nda T\u0130KAn\u0131\u00f1 leyhalar\u0131n\u0131 tasdiqlavn\u0131 kerige \u00e7ekkeni ve sebepten bir \u00e7oq i\u015fler, em yal\u0131\u00f1\u0131z s\u00fcrg\u00fcn etilgenlerge degil de, Ukrainan\u0131\u00f1 bir s\u0131ra regionlar\u0131nda yard\u0131m i\u015fleri yap\u0131lmay qal\u011fan\u0131n\u0131 da bildirip, bu aqta Ba\u015f nazir Ukraina Prezidentinden k\u00f6r\u00fc\u015fkende aytmas\u0131n\u0131 rica etti.<\/p>\n\n\n\n<p>Yanvar 25 k\u00fcn\u00fc Milliy Meclis reisi Kiyevdeki &#8220;Ukrainskiy dom&#8221; ofisinde Recep Tayip Erdo\u011fan ve Viktor Yanukovi\u00e7ni\u00f1 bivasta i\u015ftirakinde ke\u00e7ken t\u00fcrk-ukrain biznes-forum\u0131nda qatna\u015ft\u0131. T\u00fcrkiye ticaret palatalar\u0131 ve mal birjalar\u0131 birle\u015fmesini\u00f1 prezidenti Rifat Hisarciko\u011flun\u0131\u00f1 ricas\u0131 ile \u00e7\u0131q\u0131\u015fta bulund\u0131. K\u00f6r\u00fc\u015f\u00fcvde T\u00fcrkiye Ba\u015f naziri Recep Tayip Erdo\u011fan da \u00e7\u0131q\u0131\u015f yapt\u0131.<\/p>\n","protected":false},"excerpt":{"rendered":"<p>T\u00fcrkiyeni\u00f1 Ba\u015f naziri Recep Tayip Erdo\u011fanUkraina paytaht\u0131Kiyevge eki k\u00fcnl\u00fckresmiy ziyaret programmas\u0131 \u00e7er\u00e7ivesinde Milliy Meclisni\u00f1 reisi Mustafa Cemilevnen k\u00f6r\u00fc\u015fti. Bir bu\u00e7uq saat devam etken k\u00f6r\u00fc\u015f\u00fcvde bun\u0131\u00f1 kibi de T\u00fcrkiyeni\u00f1 Ukrainadaki el\u00e7isi Ahmet B\u00fclent, T\u0130KA prezidenti Musa Qulaql\u0131qaya ve Mustafa Cemilevni\u00f1 yard\u0131mc\u0131s\u0131 Asan \u00dcmerov i\u015ftirak ettiler. T\u00fcrkiye Ba\u015f nazirini\u00f1 ricas\u0131 boyunca M.Cemilev Q\u0131r\u0131mdaki i\u00e7timaiy-siyasiy vaziyetni, q\u0131r\u0131mtatar halq\u0131n\u0131\u00f1 [&hellip;]<\/p>\n","protected":false},"author":1,"featured_media":0,"comment_status":"open","ping_status":"open","sticky":false,"template":"","format":"standard","meta":{"inline_featured_image":false,"footnotes":""},"categories":[265],"tags":[],"class_list":["post-23418","post","type-post","status-publish","format-standard","hentry","category-haberler"],"acf":[],"yoast_head":"<!-- This site is optimized with the Yoast SEO plugin v27.4 - https:\/\/yoast.com\/product\/yoast-seo-wordpress\/ -->\n<title>Milliy meclis reisini\u00f1 T\u00fcrkiye Ba\u015f nazirinen k\u00f6r\u00fc\u015f\u00fcvi - \u041c\u0435\u0434\u0436\u043b\u0456\u0441<\/title>\n<meta name=\"robots\" content=\"index, follow, max-snippet:-1, max-image-preview:large, max-video-preview:-1\" \/>\n<link rel=\"canonical\" href=\"https:\/\/qtmm.org\/qt\/milliy-meclis-reisinin-turkiye-bas-nazirinen-korusuvi\/\" \/>\n<meta property=\"og:locale\" content=\"en_US\" \/>\n<meta property=\"og:type\" content=\"article\" \/>\n<meta property=\"og:title\" content=\"Milliy meclis reisini\u00f1 T\u00fcrkiye Ba\u015f nazirinen k\u00f6r\u00fc\u015f\u00fcvi - \u041c\u0435\u0434\u0436\u043b\u0456\u0441\" \/>\n<meta property=\"og:description\" content=\"T\u00fcrkiyeni\u00f1 Ba\u015f naziri Recep Tayip Erdo\u011fanUkraina paytaht\u0131Kiyevge eki k\u00fcnl\u00fckresmiy ziyaret programmas\u0131 \u00e7er\u00e7ivesinde Milliy Meclisni\u00f1 reisi Mustafa Cemilevnen k\u00f6r\u00fc\u015fti. Bir bu\u00e7uq saat devam etken k\u00f6r\u00fc\u015f\u00fcvde bun\u0131\u00f1 kibi de T\u00fcrkiyeni\u00f1 Ukrainadaki el\u00e7isi Ahmet B\u00fclent, T\u0130KA prezidenti Musa Qulaql\u0131qaya ve Mustafa Cemilevni\u00f1 yard\u0131mc\u0131s\u0131 Asan \u00dcmerov i\u015ftirak ettiler. T\u00fcrkiye Ba\u015f nazirini\u00f1 ricas\u0131 boyunca M.Cemilev Q\u0131r\u0131mdaki i\u00e7timaiy-siyasiy vaziyetni, q\u0131r\u0131mtatar halq\u0131n\u0131\u00f1 [&hellip;]\" \/>\n<meta property=\"og:url\" content=\"https:\/\/qtmm.org\/qt\/milliy-meclis-reisinin-turkiye-bas-nazirinen-korusuvi\/\" \/>\n<meta property=\"og:site_name\" content=\"\u041c\u0435\u0434\u0436\u043b\u0456\u0441\" \/>\n<meta property=\"article:publisher\" content=\"https:\/\/www.facebook.com\/qtmm.info\/\" \/>\n<meta property=\"article:published_time\" content=\"2011-12-24T12:39:00+00:00\" \/>\n<meta property=\"article:modified_time\" content=\"2022-01-18T12:39:57+00:00\" \/>\n<meta name=\"author\" content=\"Developer\" \/>\n<meta name=\"twitter:card\" content=\"summary_large_image\" \/>\n<meta name=\"twitter:label1\" content=\"Written by\" \/>\n\t<meta name=\"twitter:data1\" content=\"Developer\" \/>\n\t<meta name=\"twitter:label2\" content=\"Est. reading time\" \/>\n\t<meta name=\"twitter:data2\" content=\"2 minutes\" \/>\n<script type=\"application\/ld+json\" class=\"yoast-schema-graph\">{\"@context\":\"https:\\\/\\\/schema.org\",\"@graph\":[{\"@type\":\"Article\",\"@id\":\"https:\\\/\\\/qtmm.org\\\/qt\\\/milliy-meclis-reisinin-turkiye-bas-nazirinen-korusuvi\\\/#article\",\"isPartOf\":{\"@id\":\"https:\\\/\\\/qtmm.org\\\/qt\\\/milliy-meclis-reisinin-turkiye-bas-nazirinen-korusuvi\\\/\"},\"author\":{\"name\":\"Developer\",\"@id\":\"https:\\\/\\\/qtmm.org\\\/qt\\\/#\\\/schema\\\/person\\\/de562469f971dec226ac06e60bbf74a7\"},\"headline\":\"Milliy meclis reisini\u00f1 T\u00fcrkiye Ba\u015f nazirinen k\u00f6r\u00fc\u015f\u00fcvi\",\"datePublished\":\"2011-12-24T12:39:00+00:00\",\"dateModified\":\"2022-01-18T12:39:57+00:00\",\"mainEntityOfPage\":{\"@id\":\"https:\\\/\\\/qtmm.org\\\/qt\\\/milliy-meclis-reisinin-turkiye-bas-nazirinen-korusuvi\\\/\"},\"wordCount\":397,\"commentCount\":0,\"publisher\":{\"@id\":\"https:\\\/\\\/qtmm.org\\\/qt\\\/#organization\"},\"articleSection\":[\"Haberler\"],\"inLanguage\":\"qt\",\"potentialAction\":[{\"@type\":\"CommentAction\",\"name\":\"Comment\",\"target\":[\"https:\\\/\\\/qtmm.org\\\/qt\\\/milliy-meclis-reisinin-turkiye-bas-nazirinen-korusuvi\\\/#respond\"]}]},{\"@type\":\"WebPage\",\"@id\":\"https:\\\/\\\/qtmm.org\\\/qt\\\/milliy-meclis-reisinin-turkiye-bas-nazirinen-korusuvi\\\/\",\"url\":\"https:\\\/\\\/qtmm.org\\\/qt\\\/milliy-meclis-reisinin-turkiye-bas-nazirinen-korusuvi\\\/\",\"name\":\"Milliy meclis reisini\u00f1 T\u00fcrkiye Ba\u015f nazirinen k\u00f6r\u00fc\u015f\u00fcvi - \u041c\u0435\u0434\u0436\u043b\u0456\u0441\",\"isPartOf\":{\"@id\":\"https:\\\/\\\/qtmm.org\\\/qt\\\/#website\"},\"datePublished\":\"2011-12-24T12:39:00+00:00\",\"dateModified\":\"2022-01-18T12:39:57+00:00\",\"breadcrumb\":{\"@id\":\"https:\\\/\\\/qtmm.org\\\/qt\\\/milliy-meclis-reisinin-turkiye-bas-nazirinen-korusuvi\\\/#breadcrumb\"},\"inLanguage\":\"qt\",\"potentialAction\":[{\"@type\":\"ReadAction\",\"target\":[\"https:\\\/\\\/qtmm.org\\\/qt\\\/milliy-meclis-reisinin-turkiye-bas-nazirinen-korusuvi\\\/\"]}]},{\"@type\":\"BreadcrumbList\",\"@id\":\"https:\\\/\\\/qtmm.org\\\/qt\\\/milliy-meclis-reisinin-turkiye-bas-nazirinen-korusuvi\\\/#breadcrumb\",\"itemListElement\":[{\"@type\":\"ListItem\",\"position\":1,\"name\":\"\u0413\u043e\u043b\u043e\u0432\u043d\u0430\",\"item\":\"https:\\\/\\\/qtmm.org\\\/qt\\\/\"},{\"@type\":\"ListItem\",\"position\":2,\"name\":\"Milliy meclis reisini\u00f1 T\u00fcrkiye Ba\u015f nazirinen k\u00f6r\u00fc\u015f\u00fcvi\"}]},{\"@type\":\"WebSite\",\"@id\":\"https:\\\/\\\/qtmm.org\\\/qt\\\/#website\",\"url\":\"https:\\\/\\\/qtmm.org\\\/qt\\\/\",\"name\":\"\u041c\u0435\u0434\u0436\u043b\u0456\u0441\",\"description\":\"\",\"publisher\":{\"@id\":\"https:\\\/\\\/qtmm.org\\\/qt\\\/#organization\"},\"potentialAction\":[{\"@type\":\"SearchAction\",\"target\":{\"@type\":\"EntryPoint\",\"urlTemplate\":\"https:\\\/\\\/qtmm.org\\\/qt\\\/?s={search_term_string}\"},\"query-input\":{\"@type\":\"PropertyValueSpecification\",\"valueRequired\":true,\"valueName\":\"search_term_string\"}}],\"inLanguage\":\"qt\"},{\"@type\":\"Organization\",\"@id\":\"https:\\\/\\\/qtmm.org\\\/qt\\\/#organization\",\"name\":\"\u041c\u0435\u0434\u0436\u043b\u0456\u0441\",\"url\":\"https:\\\/\\\/qtmm.org\\\/qt\\\/\",\"logo\":{\"@type\":\"ImageObject\",\"inLanguage\":\"qt\",\"@id\":\"https:\\\/\\\/qtmm.org\\\/qt\\\/#\\\/schema\\\/logo\\\/image\\\/\",\"url\":\"https:\\\/\\\/qtmm.org\\\/wp-content\\\/uploads\\\/2024\\\/12\\\/ua-mejlis-logo-rgb.svg\",\"contentUrl\":\"https:\\\/\\\/qtmm.org\\\/wp-content\\\/uploads\\\/2024\\\/12\\\/ua-mejlis-logo-rgb.svg\",\"caption\":\"\u041c\u0435\u0434\u0436\u043b\u0456\u0441\"},\"image\":{\"@id\":\"https:\\\/\\\/qtmm.org\\\/qt\\\/#\\\/schema\\\/logo\\\/image\\\/\"},\"sameAs\":[\"https:\\\/\\\/www.facebook.com\\\/qtmm.info\\\/\"]},{\"@type\":\"Person\",\"@id\":\"https:\\\/\\\/qtmm.org\\\/qt\\\/#\\\/schema\\\/person\\\/de562469f971dec226ac06e60bbf74a7\",\"name\":\"Developer\",\"image\":{\"@type\":\"ImageObject\",\"inLanguage\":\"qt\",\"@id\":\"https:\\\/\\\/secure.gravatar.com\\\/avatar\\\/392b4cc8fbfeb00b39dfeeab4ee6edded39ffd48e25858637e4765810300227e?s=96&d=mm&r=g\",\"url\":\"https:\\\/\\\/secure.gravatar.com\\\/avatar\\\/392b4cc8fbfeb00b39dfeeab4ee6edded39ffd48e25858637e4765810300227e?s=96&d=mm&r=g\",\"contentUrl\":\"https:\\\/\\\/secure.gravatar.com\\\/avatar\\\/392b4cc8fbfeb00b39dfeeab4ee6edded39ffd48e25858637e4765810300227e?s=96&d=mm&r=g\",\"caption\":\"Developer\"},\"url\":\"https:\\\/\\\/qtmm.org\\\/qt\\\/author\\\/Developer\\\/\"}]}<\/script>\n<!-- \/ Yoast SEO plugin. -->","yoast_head_json":{"title":"Milliy meclis reisini\u00f1 T\u00fcrkiye Ba\u015f nazirinen k\u00f6r\u00fc\u015f\u00fcvi - \u041c\u0435\u0434\u0436\u043b\u0456\u0441","robots":{"index":"index","follow":"follow","max-snippet":"max-snippet:-1","max-image-preview":"max-image-preview:large","max-video-preview":"max-video-preview:-1"},"canonical":"https:\/\/qtmm.org\/qt\/milliy-meclis-reisinin-turkiye-bas-nazirinen-korusuvi\/","og_locale":"en_US","og_type":"article","og_title":"Milliy meclis reisini\u00f1 T\u00fcrkiye Ba\u015f nazirinen k\u00f6r\u00fc\u015f\u00fcvi - \u041c\u0435\u0434\u0436\u043b\u0456\u0441","og_description":"T\u00fcrkiyeni\u00f1 Ba\u015f naziri Recep Tayip Erdo\u011fanUkraina paytaht\u0131Kiyevge eki k\u00fcnl\u00fckresmiy ziyaret programmas\u0131 \u00e7er\u00e7ivesinde Milliy Meclisni\u00f1 reisi Mustafa Cemilevnen k\u00f6r\u00fc\u015fti. Bir bu\u00e7uq saat devam etken k\u00f6r\u00fc\u015f\u00fcvde bun\u0131\u00f1 kibi de T\u00fcrkiyeni\u00f1 Ukrainadaki el\u00e7isi Ahmet B\u00fclent, T\u0130KA prezidenti Musa Qulaql\u0131qaya ve Mustafa Cemilevni\u00f1 yard\u0131mc\u0131s\u0131 Asan \u00dcmerov i\u015ftirak ettiler. T\u00fcrkiye Ba\u015f nazirini\u00f1 ricas\u0131 boyunca M.Cemilev Q\u0131r\u0131mdaki i\u00e7timaiy-siyasiy vaziyetni, q\u0131r\u0131mtatar halq\u0131n\u0131\u00f1 [&hellip;]","og_url":"https:\/\/qtmm.org\/qt\/milliy-meclis-reisinin-turkiye-bas-nazirinen-korusuvi\/","og_site_name":"\u041c\u0435\u0434\u0436\u043b\u0456\u0441","article_publisher":"https:\/\/www.facebook.com\/qtmm.info\/","article_published_time":"2011-12-24T12:39:00+00:00","article_modified_time":"2022-01-18T12:39:57+00:00","author":"Developer","twitter_card":"summary_large_image","twitter_misc":{"Written by":"Developer","Est. reading time":"2 minutes"},"schema":{"@context":"https:\/\/schema.org","@graph":[{"@type":"Article","@id":"https:\/\/qtmm.org\/qt\/milliy-meclis-reisinin-turkiye-bas-nazirinen-korusuvi\/#article","isPartOf":{"@id":"https:\/\/qtmm.org\/qt\/milliy-meclis-reisinin-turkiye-bas-nazirinen-korusuvi\/"},"author":{"name":"Developer","@id":"https:\/\/qtmm.org\/qt\/#\/schema\/person\/de562469f971dec226ac06e60bbf74a7"},"headline":"Milliy meclis reisini\u00f1 T\u00fcrkiye Ba\u015f nazirinen k\u00f6r\u00fc\u015f\u00fcvi","datePublished":"2011-12-24T12:39:00+00:00","dateModified":"2022-01-18T12:39:57+00:00","mainEntityOfPage":{"@id":"https:\/\/qtmm.org\/qt\/milliy-meclis-reisinin-turkiye-bas-nazirinen-korusuvi\/"},"wordCount":397,"commentCount":0,"publisher":{"@id":"https:\/\/qtmm.org\/qt\/#organization"},"articleSection":["Haberler"],"inLanguage":"qt","potentialAction":[{"@type":"CommentAction","name":"Comment","target":["https:\/\/qtmm.org\/qt\/milliy-meclis-reisinin-turkiye-bas-nazirinen-korusuvi\/#respond"]}]},{"@type":"WebPage","@id":"https:\/\/qtmm.org\/qt\/milliy-meclis-reisinin-turkiye-bas-nazirinen-korusuvi\/","url":"https:\/\/qtmm.org\/qt\/milliy-meclis-reisinin-turkiye-bas-nazirinen-korusuvi\/","name":"Milliy meclis reisini\u00f1 T\u00fcrkiye Ba\u015f nazirinen k\u00f6r\u00fc\u015f\u00fcvi - \u041c\u0435\u0434\u0436\u043b\u0456\u0441","isPartOf":{"@id":"https:\/\/qtmm.org\/qt\/#website"},"datePublished":"2011-12-24T12:39:00+00:00","dateModified":"2022-01-18T12:39:57+00:00","breadcrumb":{"@id":"https:\/\/qtmm.org\/qt\/milliy-meclis-reisinin-turkiye-bas-nazirinen-korusuvi\/#breadcrumb"},"inLanguage":"qt","potentialAction":[{"@type":"ReadAction","target":["https:\/\/qtmm.org\/qt\/milliy-meclis-reisinin-turkiye-bas-nazirinen-korusuvi\/"]}]},{"@type":"BreadcrumbList","@id":"https:\/\/qtmm.org\/qt\/milliy-meclis-reisinin-turkiye-bas-nazirinen-korusuvi\/#breadcrumb","itemListElement":[{"@type":"ListItem","position":1,"name":"\u0413\u043e\u043b\u043e\u0432\u043d\u0430","item":"https:\/\/qtmm.org\/qt\/"},{"@type":"ListItem","position":2,"name":"Milliy meclis reisini\u00f1 T\u00fcrkiye Ba\u015f nazirinen k\u00f6r\u00fc\u015f\u00fcvi"}]},{"@type":"WebSite","@id":"https:\/\/qtmm.org\/qt\/#website","url":"https:\/\/qtmm.org\/qt\/","name":"\u041c\u0435\u0434\u0436\u043b\u0456\u0441","description":"","publisher":{"@id":"https:\/\/qtmm.org\/qt\/#organization"},"potentialAction":[{"@type":"SearchAction","target":{"@type":"EntryPoint","urlTemplate":"https:\/\/qtmm.org\/qt\/?s={search_term_string}"},"query-input":{"@type":"PropertyValueSpecification","valueRequired":true,"valueName":"search_term_string"}}],"inLanguage":"qt"},{"@type":"Organization","@id":"https:\/\/qtmm.org\/qt\/#organization","name":"\u041c\u0435\u0434\u0436\u043b\u0456\u0441","url":"https:\/\/qtmm.org\/qt\/","logo":{"@type":"ImageObject","inLanguage":"qt","@id":"https:\/\/qtmm.org\/qt\/#\/schema\/logo\/image\/","url":"https:\/\/qtmm.org\/wp-content\/uploads\/2024\/12\/ua-mejlis-logo-rgb.svg","contentUrl":"https:\/\/qtmm.org\/wp-content\/uploads\/2024\/12\/ua-mejlis-logo-rgb.svg","caption":"\u041c\u0435\u0434\u0436\u043b\u0456\u0441"},"image":{"@id":"https:\/\/qtmm.org\/qt\/#\/schema\/logo\/image\/"},"sameAs":["https:\/\/www.facebook.com\/qtmm.info\/"]},{"@type":"Person","@id":"https:\/\/qtmm.org\/qt\/#\/schema\/person\/de562469f971dec226ac06e60bbf74a7","name":"Developer","image":{"@type":"ImageObject","inLanguage":"qt","@id":"https:\/\/secure.gravatar.com\/avatar\/392b4cc8fbfeb00b39dfeeab4ee6edded39ffd48e25858637e4765810300227e?s=96&d=mm&r=g","url":"https:\/\/secure.gravatar.com\/avatar\/392b4cc8fbfeb00b39dfeeab4ee6edded39ffd48e25858637e4765810300227e?s=96&d=mm&r=g","contentUrl":"https:\/\/secure.gravatar.com\/avatar\/392b4cc8fbfeb00b39dfeeab4ee6edded39ffd48e25858637e4765810300227e?s=96&d=mm&r=g","caption":"Developer"},"url":"https:\/\/qtmm.org\/qt\/author\/Developer\/"}]}},"_links":{"self":[{"href":"https:\/\/qtmm.org\/qt\/wp-json\/wp\/v2\/posts\/23418","targetHints":{"allow":["GET"]}}],"collection":[{"href":"https:\/\/qtmm.org\/qt\/wp-json\/wp\/v2\/posts"}],"about":[{"href":"https:\/\/qtmm.org\/qt\/wp-json\/wp\/v2\/types\/post"}],"author":[{"embeddable":true,"href":"https:\/\/qtmm.org\/qt\/wp-json\/wp\/v2\/users\/1"}],"replies":[{"embeddable":true,"href":"https:\/\/qtmm.org\/qt\/wp-json\/wp\/v2\/comments?post=23418"}],"version-history":[{"count":1,"href":"https:\/\/qtmm.org\/qt\/wp-json\/wp\/v2\/posts\/23418\/revisions"}],"predecessor-version":[{"id":23419,"href":"https:\/\/qtmm.org\/qt\/wp-json\/wp\/v2\/posts\/23418\/revisions\/23419"}],"wp:attachment":[{"href":"https:\/\/qtmm.org\/qt\/wp-json\/wp\/v2\/media?parent=23418"}],"wp:term":[{"taxonomy":"category","embeddable":true,"href":"https:\/\/qtmm.org\/qt\/wp-json\/wp\/v2\/categories?post=23418"},{"taxonomy":"post_tag","embeddable":true,"href":"https:\/\/qtmm.org\/qt\/wp-json\/wp\/v2\/tags?post=23418"}],"curies":[{"name":"wp","href":"https:\/\/api.w.org\/{rel}","templated":true}]}}