




{"id":23416,"date":"2011-11-14T15:38:00","date_gmt":"2011-11-14T12:38:00","guid":{"rendered":"http:\/\/qtmm.org\/?p=23416"},"modified":"2022-01-18T15:38:53","modified_gmt":"2022-01-18T12:38:53","slug":"topraq-meselesi-televizordan-ciqis-vastasi-ile-cezilmemeli-m-cemilev","status":"publish","type":"post","link":"https:\/\/qtmm.org\/qt\/topraq-meselesi-televizordan-ciqis-vastasi-ile-cezilmemeli-m-cemilev\/","title":{"rendered":"Topraq meselesi televizordan \u00e7\u0131q\u0131\u015f vastas\u0131 ile \u00e7ezilmemeli, \u2013 M. Cemilev"},"content":{"rendered":"\n<p>Q\u0131r\u0131m Muhtar Cumhuriyeti Nazirler \u015euras\u0131n\u0131\u00f1 reisi &#8220;Q\u0131r\u0131m&#8221; devlet teleradiokompaniyas\u0131n\u0131\u00f1 yay\u0131n\u0131nda &#8220;samozahvatlar&#8221; bo\u015fat\u0131laca\u011f\u0131 aqq\u0131nda laf y\u00fcrsetkenini Ukraina halq deputat\u0131, Milliy Meclis reisi Mustafa Cemilev &#8220;ciddiy olma\u011fan\u0131&#8221; dep tan\u0131d\u0131.<\/p>\n\n\n\n<p>B\u00f6ylece, M.Cemilev QHAna Vasiliy Cart\u0131n\u0131\u00f1 &#8220;Q\u0131r\u0131m&#8221; devlet teleradiokompaniyas\u0131n\u0131\u00f1 yay\u0131n\u0131nda taqdim etken arizan\u0131 tefsir eterek, anda o \u00f6z mekt\u00fcbinde q\u0131r\u0131mtatar halq\u0131n\u0131\u00f1 liderine &#8220;naraz\u0131l\u0131q meydan&#8221;\u0131nda otur\u011fan q\u0131r\u0131mtatarlar yerni bo\u015fats\u0131n dep hitap etkenini bildirdi.<\/p>\n\n\n\n<p>&#8220;Birinciden, men Cart\u0131dan resmiy mekt\u00fcpni daa almad\u0131m. Ekinciden, topraq meselesi televizardan \u00e7\u0131q\u0131\u015f vastas\u0131 ili \u00e7ezilmemeli, biz er bir u\u00e7astkan\u0131 tafsil\u00e2tl\u0131ca baq\u0131p muzakere etmelimiz. Bu alda topraqlarn\u0131 qanunla\u015ft\u0131rmaq maqsad\u0131 ile b\u00fct\u00fcn tekliflerni i\u015fletken komissiya \u00e7al\u0131\u015fa edi. Ve Cart\u0131 yerni bo\u015fatmaq keregi aqq\u0131nda laflar\u0131 ciddiy degildir&#8221;, &#8211; dedi Cemilev ve Cart\u0131n\u0131\u00f1 emirini yapmaca\u011f\u0131 aqq\u0131nda bildirdi.<\/p>\n\n\n\n<p class=\"has-text-align-right\"><em>Evelina \u0130lyasova<br>QHA bergen malumat boyunca<\/em><br>&nbsp;<\/p>\n","protected":false},"excerpt":{"rendered":"<p>Q\u0131r\u0131m Muhtar Cumhuriyeti Nazirler \u015euras\u0131n\u0131\u00f1 reisi &#8220;Q\u0131r\u0131m&#8221; devlet teleradiokompaniyas\u0131n\u0131\u00f1 yay\u0131n\u0131nda &#8220;samozahvatlar&#8221; bo\u015fat\u0131laca\u011f\u0131 aqq\u0131nda laf y\u00fcrsetkenini Ukraina halq deputat\u0131, Milliy Meclis reisi Mustafa Cemilev &#8220;ciddiy olma\u011fan\u0131&#8221; dep tan\u0131d\u0131. B\u00f6ylece, M.Cemilev QHAna Vasiliy Cart\u0131n\u0131\u00f1 &#8220;Q\u0131r\u0131m&#8221; devlet teleradiokompaniyas\u0131n\u0131\u00f1 yay\u0131n\u0131nda taqdim etken arizan\u0131 tefsir eterek, anda o \u00f6z mekt\u00fcbinde q\u0131r\u0131mtatar halq\u0131n\u0131\u00f1 liderine &#8220;naraz\u0131l\u0131q meydan&#8221;\u0131nda otur\u011fan q\u0131r\u0131mtatarlar yerni bo\u015fats\u0131n dep [&hellip;]<\/p>\n","protected":false},"author":1,"featured_media":0,"comment_status":"open","ping_status":"open","sticky":false,"template":"","format":"standard","meta":{"inline_featured_image":false,"footnotes":""},"categories":[265],"tags":[],"class_list":["post-23416","post","type-post","status-publish","format-standard","hentry","category-haberler"],"acf":[],"yoast_head":"<!-- This site is optimized with the Yoast SEO plugin v27.4 - https:\/\/yoast.com\/product\/yoast-seo-wordpress\/ -->\n<title>Topraq meselesi televizordan \u00e7\u0131q\u0131\u015f vastas\u0131 ile \u00e7ezilmemeli, \u2013 M. Cemilev - \u041c\u0435\u0434\u0436\u043b\u0456\u0441<\/title>\n<meta name=\"robots\" content=\"index, follow, max-snippet:-1, max-image-preview:large, max-video-preview:-1\" \/>\n<link rel=\"canonical\" href=\"https:\/\/qtmm.org\/qt\/topraq-meselesi-televizordan-ciqis-vastasi-ile-cezilmemeli-m-cemilev\/\" \/>\n<meta property=\"og:locale\" content=\"en_US\" \/>\n<meta property=\"og:type\" content=\"article\" \/>\n<meta property=\"og:title\" content=\"Topraq meselesi televizordan \u00e7\u0131q\u0131\u015f vastas\u0131 ile \u00e7ezilmemeli, \u2013 M. Cemilev - \u041c\u0435\u0434\u0436\u043b\u0456\u0441\" \/>\n<meta property=\"og:description\" content=\"Q\u0131r\u0131m Muhtar Cumhuriyeti Nazirler \u015euras\u0131n\u0131\u00f1 reisi &#8220;Q\u0131r\u0131m&#8221; devlet teleradiokompaniyas\u0131n\u0131\u00f1 yay\u0131n\u0131nda &#8220;samozahvatlar&#8221; bo\u015fat\u0131laca\u011f\u0131 aqq\u0131nda laf y\u00fcrsetkenini Ukraina halq deputat\u0131, Milliy Meclis reisi Mustafa Cemilev &#8220;ciddiy olma\u011fan\u0131&#8221; dep tan\u0131d\u0131. B\u00f6ylece, M.Cemilev QHAna Vasiliy Cart\u0131n\u0131\u00f1 &#8220;Q\u0131r\u0131m&#8221; devlet teleradiokompaniyas\u0131n\u0131\u00f1 yay\u0131n\u0131nda taqdim etken arizan\u0131 tefsir eterek, anda o \u00f6z mekt\u00fcbinde q\u0131r\u0131mtatar halq\u0131n\u0131\u00f1 liderine &#8220;naraz\u0131l\u0131q meydan&#8221;\u0131nda otur\u011fan q\u0131r\u0131mtatarlar yerni bo\u015fats\u0131n dep [&hellip;]\" \/>\n<meta property=\"og:url\" content=\"https:\/\/qtmm.org\/qt\/topraq-meselesi-televizordan-ciqis-vastasi-ile-cezilmemeli-m-cemilev\/\" \/>\n<meta property=\"og:site_name\" content=\"\u041c\u0435\u0434\u0436\u043b\u0456\u0441\" \/>\n<meta property=\"article:publisher\" content=\"https:\/\/www.facebook.com\/qtmm.info\/\" \/>\n<meta property=\"article:published_time\" content=\"2011-11-14T12:38:00+00:00\" \/>\n<meta property=\"article:modified_time\" content=\"2022-01-18T12:38:53+00:00\" \/>\n<meta name=\"author\" content=\"Developer\" \/>\n<meta name=\"twitter:card\" content=\"summary_large_image\" \/>\n<meta name=\"twitter:label1\" content=\"Written by\" \/>\n\t<meta name=\"twitter:data1\" content=\"Developer\" \/>\n\t<meta name=\"twitter:label2\" content=\"Est. reading time\" \/>\n\t<meta name=\"twitter:data2\" content=\"1 minute\" \/>\n<script type=\"application\/ld+json\" class=\"yoast-schema-graph\">{\"@context\":\"https:\\\/\\\/schema.org\",\"@graph\":[{\"@type\":\"Article\",\"@id\":\"https:\\\/\\\/qtmm.org\\\/qt\\\/topraq-meselesi-televizordan-ciqis-vastasi-ile-cezilmemeli-m-cemilev\\\/#article\",\"isPartOf\":{\"@id\":\"https:\\\/\\\/qtmm.org\\\/qt\\\/topraq-meselesi-televizordan-ciqis-vastasi-ile-cezilmemeli-m-cemilev\\\/\"},\"author\":{\"name\":\"Developer\",\"@id\":\"https:\\\/\\\/qtmm.org\\\/qt\\\/#\\\/schema\\\/person\\\/de562469f971dec226ac06e60bbf74a7\"},\"headline\":\"Topraq meselesi televizordan \u00e7\u0131q\u0131\u015f vastas\u0131 ile \u00e7ezilmemeli, \u2013 M. Cemilev\",\"datePublished\":\"2011-11-14T12:38:00+00:00\",\"dateModified\":\"2022-01-18T12:38:53+00:00\",\"mainEntityOfPage\":{\"@id\":\"https:\\\/\\\/qtmm.org\\\/qt\\\/topraq-meselesi-televizordan-ciqis-vastasi-ile-cezilmemeli-m-cemilev\\\/\"},\"wordCount\":177,\"commentCount\":0,\"publisher\":{\"@id\":\"https:\\\/\\\/qtmm.org\\\/qt\\\/#organization\"},\"articleSection\":[\"Haberler\"],\"inLanguage\":\"qt\",\"potentialAction\":[{\"@type\":\"CommentAction\",\"name\":\"Comment\",\"target\":[\"https:\\\/\\\/qtmm.org\\\/qt\\\/topraq-meselesi-televizordan-ciqis-vastasi-ile-cezilmemeli-m-cemilev\\\/#respond\"]}]},{\"@type\":\"WebPage\",\"@id\":\"https:\\\/\\\/qtmm.org\\\/qt\\\/topraq-meselesi-televizordan-ciqis-vastasi-ile-cezilmemeli-m-cemilev\\\/\",\"url\":\"https:\\\/\\\/qtmm.org\\\/qt\\\/topraq-meselesi-televizordan-ciqis-vastasi-ile-cezilmemeli-m-cemilev\\\/\",\"name\":\"Topraq meselesi televizordan \u00e7\u0131q\u0131\u015f vastas\u0131 ile \u00e7ezilmemeli, \u2013 M. Cemilev - \u041c\u0435\u0434\u0436\u043b\u0456\u0441\",\"isPartOf\":{\"@id\":\"https:\\\/\\\/qtmm.org\\\/qt\\\/#website\"},\"datePublished\":\"2011-11-14T12:38:00+00:00\",\"dateModified\":\"2022-01-18T12:38:53+00:00\",\"breadcrumb\":{\"@id\":\"https:\\\/\\\/qtmm.org\\\/qt\\\/topraq-meselesi-televizordan-ciqis-vastasi-ile-cezilmemeli-m-cemilev\\\/#breadcrumb\"},\"inLanguage\":\"qt\",\"potentialAction\":[{\"@type\":\"ReadAction\",\"target\":[\"https:\\\/\\\/qtmm.org\\\/qt\\\/topraq-meselesi-televizordan-ciqis-vastasi-ile-cezilmemeli-m-cemilev\\\/\"]}]},{\"@type\":\"BreadcrumbList\",\"@id\":\"https:\\\/\\\/qtmm.org\\\/qt\\\/topraq-meselesi-televizordan-ciqis-vastasi-ile-cezilmemeli-m-cemilev\\\/#breadcrumb\",\"itemListElement\":[{\"@type\":\"ListItem\",\"position\":1,\"name\":\"\u0413\u043e\u043b\u043e\u0432\u043d\u0430\",\"item\":\"https:\\\/\\\/qtmm.org\\\/qt\\\/\"},{\"@type\":\"ListItem\",\"position\":2,\"name\":\"Topraq meselesi televizordan \u00e7\u0131q\u0131\u015f vastas\u0131 ile \u00e7ezilmemeli, \u2013 M. Cemilev\"}]},{\"@type\":\"WebSite\",\"@id\":\"https:\\\/\\\/qtmm.org\\\/qt\\\/#website\",\"url\":\"https:\\\/\\\/qtmm.org\\\/qt\\\/\",\"name\":\"\u041c\u0435\u0434\u0436\u043b\u0456\u0441\",\"description\":\"\",\"publisher\":{\"@id\":\"https:\\\/\\\/qtmm.org\\\/qt\\\/#organization\"},\"potentialAction\":[{\"@type\":\"SearchAction\",\"target\":{\"@type\":\"EntryPoint\",\"urlTemplate\":\"https:\\\/\\\/qtmm.org\\\/qt\\\/?s={search_term_string}\"},\"query-input\":{\"@type\":\"PropertyValueSpecification\",\"valueRequired\":true,\"valueName\":\"search_term_string\"}}],\"inLanguage\":\"qt\"},{\"@type\":\"Organization\",\"@id\":\"https:\\\/\\\/qtmm.org\\\/qt\\\/#organization\",\"name\":\"\u041c\u0435\u0434\u0436\u043b\u0456\u0441\",\"url\":\"https:\\\/\\\/qtmm.org\\\/qt\\\/\",\"logo\":{\"@type\":\"ImageObject\",\"inLanguage\":\"qt\",\"@id\":\"https:\\\/\\\/qtmm.org\\\/qt\\\/#\\\/schema\\\/logo\\\/image\\\/\",\"url\":\"https:\\\/\\\/qtmm.org\\\/wp-content\\\/uploads\\\/2024\\\/12\\\/ua-mejlis-logo-rgb.svg\",\"contentUrl\":\"https:\\\/\\\/qtmm.org\\\/wp-content\\\/uploads\\\/2024\\\/12\\\/ua-mejlis-logo-rgb.svg\",\"caption\":\"\u041c\u0435\u0434\u0436\u043b\u0456\u0441\"},\"image\":{\"@id\":\"https:\\\/\\\/qtmm.org\\\/qt\\\/#\\\/schema\\\/logo\\\/image\\\/\"},\"sameAs\":[\"https:\\\/\\\/www.facebook.com\\\/qtmm.info\\\/\"]},{\"@type\":\"Person\",\"@id\":\"https:\\\/\\\/qtmm.org\\\/qt\\\/#\\\/schema\\\/person\\\/de562469f971dec226ac06e60bbf74a7\",\"name\":\"Developer\",\"image\":{\"@type\":\"ImageObject\",\"inLanguage\":\"qt\",\"@id\":\"https:\\\/\\\/secure.gravatar.com\\\/avatar\\\/392b4cc8fbfeb00b39dfeeab4ee6edded39ffd48e25858637e4765810300227e?s=96&d=mm&r=g\",\"url\":\"https:\\\/\\\/secure.gravatar.com\\\/avatar\\\/392b4cc8fbfeb00b39dfeeab4ee6edded39ffd48e25858637e4765810300227e?s=96&d=mm&r=g\",\"contentUrl\":\"https:\\\/\\\/secure.gravatar.com\\\/avatar\\\/392b4cc8fbfeb00b39dfeeab4ee6edded39ffd48e25858637e4765810300227e?s=96&d=mm&r=g\",\"caption\":\"Developer\"},\"url\":\"https:\\\/\\\/qtmm.org\\\/qt\\\/author\\\/Developer\\\/\"}]}<\/script>\n<!-- \/ Yoast SEO plugin. -->","yoast_head_json":{"title":"Topraq meselesi televizordan \u00e7\u0131q\u0131\u015f vastas\u0131 ile \u00e7ezilmemeli, \u2013 M. Cemilev - \u041c\u0435\u0434\u0436\u043b\u0456\u0441","robots":{"index":"index","follow":"follow","max-snippet":"max-snippet:-1","max-image-preview":"max-image-preview:large","max-video-preview":"max-video-preview:-1"},"canonical":"https:\/\/qtmm.org\/qt\/topraq-meselesi-televizordan-ciqis-vastasi-ile-cezilmemeli-m-cemilev\/","og_locale":"en_US","og_type":"article","og_title":"Topraq meselesi televizordan \u00e7\u0131q\u0131\u015f vastas\u0131 ile \u00e7ezilmemeli, \u2013 M. Cemilev - \u041c\u0435\u0434\u0436\u043b\u0456\u0441","og_description":"Q\u0131r\u0131m Muhtar Cumhuriyeti Nazirler \u015euras\u0131n\u0131\u00f1 reisi &#8220;Q\u0131r\u0131m&#8221; devlet teleradiokompaniyas\u0131n\u0131\u00f1 yay\u0131n\u0131nda &#8220;samozahvatlar&#8221; bo\u015fat\u0131laca\u011f\u0131 aqq\u0131nda laf y\u00fcrsetkenini Ukraina halq deputat\u0131, Milliy Meclis reisi Mustafa Cemilev &#8220;ciddiy olma\u011fan\u0131&#8221; dep tan\u0131d\u0131. B\u00f6ylece, M.Cemilev QHAna Vasiliy Cart\u0131n\u0131\u00f1 &#8220;Q\u0131r\u0131m&#8221; devlet teleradiokompaniyas\u0131n\u0131\u00f1 yay\u0131n\u0131nda taqdim etken arizan\u0131 tefsir eterek, anda o \u00f6z mekt\u00fcbinde q\u0131r\u0131mtatar halq\u0131n\u0131\u00f1 liderine &#8220;naraz\u0131l\u0131q meydan&#8221;\u0131nda otur\u011fan q\u0131r\u0131mtatarlar yerni bo\u015fats\u0131n dep [&hellip;]","og_url":"https:\/\/qtmm.org\/qt\/topraq-meselesi-televizordan-ciqis-vastasi-ile-cezilmemeli-m-cemilev\/","og_site_name":"\u041c\u0435\u0434\u0436\u043b\u0456\u0441","article_publisher":"https:\/\/www.facebook.com\/qtmm.info\/","article_published_time":"2011-11-14T12:38:00+00:00","article_modified_time":"2022-01-18T12:38:53+00:00","author":"Developer","twitter_card":"summary_large_image","twitter_misc":{"Written by":"Developer","Est. reading time":"1 minute"},"schema":{"@context":"https:\/\/schema.org","@graph":[{"@type":"Article","@id":"https:\/\/qtmm.org\/qt\/topraq-meselesi-televizordan-ciqis-vastasi-ile-cezilmemeli-m-cemilev\/#article","isPartOf":{"@id":"https:\/\/qtmm.org\/qt\/topraq-meselesi-televizordan-ciqis-vastasi-ile-cezilmemeli-m-cemilev\/"},"author":{"name":"Developer","@id":"https:\/\/qtmm.org\/qt\/#\/schema\/person\/de562469f971dec226ac06e60bbf74a7"},"headline":"Topraq meselesi televizordan \u00e7\u0131q\u0131\u015f vastas\u0131 ile \u00e7ezilmemeli, \u2013 M. Cemilev","datePublished":"2011-11-14T12:38:00+00:00","dateModified":"2022-01-18T12:38:53+00:00","mainEntityOfPage":{"@id":"https:\/\/qtmm.org\/qt\/topraq-meselesi-televizordan-ciqis-vastasi-ile-cezilmemeli-m-cemilev\/"},"wordCount":177,"commentCount":0,"publisher":{"@id":"https:\/\/qtmm.org\/qt\/#organization"},"articleSection":["Haberler"],"inLanguage":"qt","potentialAction":[{"@type":"CommentAction","name":"Comment","target":["https:\/\/qtmm.org\/qt\/topraq-meselesi-televizordan-ciqis-vastasi-ile-cezilmemeli-m-cemilev\/#respond"]}]},{"@type":"WebPage","@id":"https:\/\/qtmm.org\/qt\/topraq-meselesi-televizordan-ciqis-vastasi-ile-cezilmemeli-m-cemilev\/","url":"https:\/\/qtmm.org\/qt\/topraq-meselesi-televizordan-ciqis-vastasi-ile-cezilmemeli-m-cemilev\/","name":"Topraq meselesi televizordan \u00e7\u0131q\u0131\u015f vastas\u0131 ile \u00e7ezilmemeli, \u2013 M. Cemilev - \u041c\u0435\u0434\u0436\u043b\u0456\u0441","isPartOf":{"@id":"https:\/\/qtmm.org\/qt\/#website"},"datePublished":"2011-11-14T12:38:00+00:00","dateModified":"2022-01-18T12:38:53+00:00","breadcrumb":{"@id":"https:\/\/qtmm.org\/qt\/topraq-meselesi-televizordan-ciqis-vastasi-ile-cezilmemeli-m-cemilev\/#breadcrumb"},"inLanguage":"qt","potentialAction":[{"@type":"ReadAction","target":["https:\/\/qtmm.org\/qt\/topraq-meselesi-televizordan-ciqis-vastasi-ile-cezilmemeli-m-cemilev\/"]}]},{"@type":"BreadcrumbList","@id":"https:\/\/qtmm.org\/qt\/topraq-meselesi-televizordan-ciqis-vastasi-ile-cezilmemeli-m-cemilev\/#breadcrumb","itemListElement":[{"@type":"ListItem","position":1,"name":"\u0413\u043e\u043b\u043e\u0432\u043d\u0430","item":"https:\/\/qtmm.org\/qt\/"},{"@type":"ListItem","position":2,"name":"Topraq meselesi televizordan \u00e7\u0131q\u0131\u015f vastas\u0131 ile \u00e7ezilmemeli, \u2013 M. Cemilev"}]},{"@type":"WebSite","@id":"https:\/\/qtmm.org\/qt\/#website","url":"https:\/\/qtmm.org\/qt\/","name":"\u041c\u0435\u0434\u0436\u043b\u0456\u0441","description":"","publisher":{"@id":"https:\/\/qtmm.org\/qt\/#organization"},"potentialAction":[{"@type":"SearchAction","target":{"@type":"EntryPoint","urlTemplate":"https:\/\/qtmm.org\/qt\/?s={search_term_string}"},"query-input":{"@type":"PropertyValueSpecification","valueRequired":true,"valueName":"search_term_string"}}],"inLanguage":"qt"},{"@type":"Organization","@id":"https:\/\/qtmm.org\/qt\/#organization","name":"\u041c\u0435\u0434\u0436\u043b\u0456\u0441","url":"https:\/\/qtmm.org\/qt\/","logo":{"@type":"ImageObject","inLanguage":"qt","@id":"https:\/\/qtmm.org\/qt\/#\/schema\/logo\/image\/","url":"https:\/\/qtmm.org\/wp-content\/uploads\/2024\/12\/ua-mejlis-logo-rgb.svg","contentUrl":"https:\/\/qtmm.org\/wp-content\/uploads\/2024\/12\/ua-mejlis-logo-rgb.svg","caption":"\u041c\u0435\u0434\u0436\u043b\u0456\u0441"},"image":{"@id":"https:\/\/qtmm.org\/qt\/#\/schema\/logo\/image\/"},"sameAs":["https:\/\/www.facebook.com\/qtmm.info\/"]},{"@type":"Person","@id":"https:\/\/qtmm.org\/qt\/#\/schema\/person\/de562469f971dec226ac06e60bbf74a7","name":"Developer","image":{"@type":"ImageObject","inLanguage":"qt","@id":"https:\/\/secure.gravatar.com\/avatar\/392b4cc8fbfeb00b39dfeeab4ee6edded39ffd48e25858637e4765810300227e?s=96&d=mm&r=g","url":"https:\/\/secure.gravatar.com\/avatar\/392b4cc8fbfeb00b39dfeeab4ee6edded39ffd48e25858637e4765810300227e?s=96&d=mm&r=g","contentUrl":"https:\/\/secure.gravatar.com\/avatar\/392b4cc8fbfeb00b39dfeeab4ee6edded39ffd48e25858637e4765810300227e?s=96&d=mm&r=g","caption":"Developer"},"url":"https:\/\/qtmm.org\/qt\/author\/Developer\/"}]}},"_links":{"self":[{"href":"https:\/\/qtmm.org\/qt\/wp-json\/wp\/v2\/posts\/23416","targetHints":{"allow":["GET"]}}],"collection":[{"href":"https:\/\/qtmm.org\/qt\/wp-json\/wp\/v2\/posts"}],"about":[{"href":"https:\/\/qtmm.org\/qt\/wp-json\/wp\/v2\/types\/post"}],"author":[{"embeddable":true,"href":"https:\/\/qtmm.org\/qt\/wp-json\/wp\/v2\/users\/1"}],"replies":[{"embeddable":true,"href":"https:\/\/qtmm.org\/qt\/wp-json\/wp\/v2\/comments?post=23416"}],"version-history":[{"count":1,"href":"https:\/\/qtmm.org\/qt\/wp-json\/wp\/v2\/posts\/23416\/revisions"}],"predecessor-version":[{"id":23417,"href":"https:\/\/qtmm.org\/qt\/wp-json\/wp\/v2\/posts\/23416\/revisions\/23417"}],"wp:attachment":[{"href":"https:\/\/qtmm.org\/qt\/wp-json\/wp\/v2\/media?parent=23416"}],"wp:term":[{"taxonomy":"category","embeddable":true,"href":"https:\/\/qtmm.org\/qt\/wp-json\/wp\/v2\/categories?post=23416"},{"taxonomy":"post_tag","embeddable":true,"href":"https:\/\/qtmm.org\/qt\/wp-json\/wp\/v2\/tags?post=23416"}],"curies":[{"name":"wp","href":"https:\/\/api.w.org\/{rel}","templated":true}]}}